{"id":10037,"date":"2022-07-12T11:20:52","date_gmt":"2022-07-12T09:20:52","guid":{"rendered":"https:\/\/nscristiandad.es\/?p=10037"},"modified":"2025-03-24T17:07:11","modified_gmt":"2025-03-24T16:07:11","slug":"las-peregrinaciones-historia-y-espiritualidad","status":"publish","type":"post","link":"https:\/\/nscristiandad.es\/en\/las-peregrinaciones-historia-y-espiritualidad\/","title":{"rendered":"Las peregrinaciones: historia y espiritualidad"},"content":{"rendered":"\t\t<div data-elementor-type=\"wp-post\" data-elementor-id=\"10037\" class=\"elementor elementor-10037\" data-elementor-post-type=\"post\">\n\t\t\t\t\t\t<section class=\"elementor-section elementor-top-section elementor-element elementor-element-4b6c377c elementor-section-full_width elementor-section-content-middle elementor-section-stretched elementor-section-height-min-height elementor-section-items-bottom elementor-section-height-default elementor-invisible\" data-id=\"4b6c377c\" data-element_type=\"section\" data-e-type=\"section\" data-settings=\"{&quot;background_background&quot;:&quot;classic&quot;,&quot;stretch_section&quot;:&quot;section-stretched&quot;,&quot;animation&quot;:&quot;fadeInDown&quot;}\">\n\t\t\t\t\t\t<div class=\"elementor-container elementor-column-gap-default\">\n\t\t\t\t\t<div class=\"elementor-column elementor-col-100 elementor-top-column elementor-element elementor-element-5916b3e3\" data-id=\"5916b3e3\" data-element_type=\"column\" data-e-type=\"column\">\n\t\t\t<div class=\"elementor-widget-wrap elementor-element-populated\">\n\t\t\t\t\t\t<div class=\"elementor-element elementor-element-31cc75cf elementor-invisible elementor-widget elementor-widget-heading\" data-id=\"31cc75cf\" data-element_type=\"widget\" data-e-type=\"widget\" data-settings=\"{&quot;_animation&quot;:&quot;slideInDown&quot;}\" data-widget_type=\"heading.default\">\n\t\t\t\t<div class=\"elementor-widget-container\">\n\t\t\t\t\t<h1 class=\"elementor-heading-title elementor-size-large\">Las peregrinaciones: historia y espiritualidad<\/h1>\t\t\t\t<\/div>\n\t\t\t\t<\/div>\n\t\t\t\t<div class=\"elementor-element elementor-element-54420848 elementor-invisible elementor-widget elementor-widget-heading\" data-id=\"54420848\" data-element_type=\"widget\" data-e-type=\"widget\" data-settings=\"{&quot;_animation&quot;:&quot;slideInDown&quot;}\" data-widget_type=\"heading.default\">\n\t\t\t\t<div class=\"elementor-widget-container\">\n\t\t\t\t\t<h3 class=\"elementor-heading-title elementor-size-large\">D. Pablo Ormazabal Albistur, Pbro.<\/h3>\t\t\t\t<\/div>\n\t\t\t\t<\/div>\n\t\t\t\t\t<\/div>\n\t\t<\/div>\n\t\t\t\t\t<\/div>\n\t\t<\/section>\n\t\t\t\t<section class=\"elementor-section elementor-top-section elementor-element elementor-element-7bfb878c elementor-section-boxed elementor-section-height-default elementor-section-height-default\" data-id=\"7bfb878c\" data-element_type=\"section\" data-e-type=\"section\">\n\t\t\t\t\t\t<div class=\"elementor-container elementor-column-gap-default\">\n\t\t\t\t\t<div class=\"elementor-column elementor-col-16 elementor-top-column elementor-element elementor-element-5601f5ab\" data-id=\"5601f5ab\" data-element_type=\"column\" data-e-type=\"column\">\n\t\t\t<div class=\"elementor-widget-wrap\">\n\t\t\t\t\t\t\t<\/div>\n\t\t<\/div>\n\t\t\t\t<div class=\"elementor-column elementor-col-66 elementor-top-column elementor-element elementor-element-3143b565\" data-id=\"3143b565\" data-element_type=\"column\" data-e-type=\"column\">\n\t\t\t<div class=\"elementor-widget-wrap elementor-element-populated\">\n\t\t\t\t\t\t<div class=\"elementor-element elementor-element-34ce97b4 elementor-widget elementor-widget-image\" data-id=\"34ce97b4\" data-element_type=\"widget\" data-e-type=\"widget\" data-widget_type=\"image.default\">\n\t\t\t\t<div class=\"elementor-widget-container\">\n\t\t\t\t\t\t\t\t\t\t\t\t<figure class=\"wp-caption\">\n\t\t\t\t\t\t\t\t\t\t<img fetchpriority=\"high\" decoding=\"async\" width=\"768\" height=\"512\" src=\"https:\/\/nscristiandad.es\/wp-content\/uploads\/2021\/08\/DSC_0110-768x512.jpg\" class=\"attachment-medium_large size-medium_large wp-image-5459\" alt=\"\" srcset=\"https:\/\/nscristiandad.es\/wp-content\/uploads\/2021\/08\/DSC_0110-768x512.jpg 768w, https:\/\/nscristiandad.es\/wp-content\/uploads\/2021\/08\/DSC_0110-scaled-600x400.jpg 600w, https:\/\/nscristiandad.es\/wp-content\/uploads\/2021\/08\/DSC_0110-300x200.jpg 300w, https:\/\/nscristiandad.es\/wp-content\/uploads\/2021\/08\/DSC_0110-1024x683.jpg 1024w, https:\/\/nscristiandad.es\/wp-content\/uploads\/2021\/08\/DSC_0110-1536x1024.jpg 1536w, https:\/\/nscristiandad.es\/wp-content\/uploads\/2021\/08\/DSC_0110-2048x1365.jpg 2048w\" sizes=\"(max-width: 768px) 100vw, 768px\" \/>\t\t\t\t\t\t\t\t\t\t\t<figcaption class=\"widget-image-caption wp-caption-text\">Peregrinaci\u00f3n Nuestra Se\u00f1ora de la Cristiandad (Espa\u00f1a), 2021<\/figcaption>\n\t\t\t\t\t\t\t\t\t\t<\/figure>\n\t\t\t\t\t\t\t\t\t<\/div>\n\t\t\t\t<\/div>\n\t\t\t\t<div class=\"elementor-element elementor-element-36d8356a elementor-widget elementor-widget-text-editor\" data-id=\"36d8356a\" data-element_type=\"widget\" data-e-type=\"widget\" data-widget_type=\"text-editor.default\">\n\t\t\t\t<div class=\"elementor-widget-container\">\n\t\t\t\t\t\t\t\t\t<p><strong>Las peregrinaciones: historia y espiritualidad<\/strong><\/p>\n<p>Nos encaminamos por segundo a\u00f1o consecutivo, en el esp\u00edritu de la Cristiandad, hacia Covadonga. Bajo el amparo de la Sant\u00edsima Virgen Mar\u00eda que gu\u00eda nuestros pasos, peregrinamos movidos por la Providencia, que \u201ctodo lo gobierna y conserva\u201d (Concilio Vaticano I). En este art\u00edculo ponemos nuestra mirada sobre la historia y espiritualidad que contienen las peregrinaciones, de modo que podamos disponernos para alcanzar las gracias que se nos prometen a trav\u00e9s de ella.<\/p>\n<ol>\n<li><strong> Un breve recorrido sobre la historia de las peregrinaciones <\/strong><\/li>\n<\/ol>\n<p>Si bien el peregrinar forma parte del hecho religioso como elemento fundamental de toda vivencia religiosa humana, la peregrinaci\u00f3n forma parte de la misma revelaci\u00f3n cristiana con caracter\u00edsticas propias y plenas.<\/p>\n<p>Dios, al revelarse a Abraham se le muestra no como el Dios propio de un lugar sino como un Dios personal, que ha creado el cielo y la tierra y que le trasciende.<\/p>\n<p>Si Israel peregrina a un lugar como Jerusal\u00e9n es porque es all\u00ed donde Dios ha decidido que se le rinda un culto verdadero. Al mismo tiempo, \u201cel cielo proclama la gloria de Dios (\u2026) a toda la tierra alcanza su preg\u00f3n\u201d (Salmo 18). El hombre ha sido creado para Dios y a \u00c9l se debe encaminar.<\/p>\n<p>Desde el inicio del cristianismo, algunos lugares fueron adquiriendo un sentido devocional. Unido al culto a los m\u00e1rtires y a los lugares en los que vivi\u00f3 nuestro Se\u00f1or, singularmente <strong>Jerusal\u00e9n.<\/strong><\/p>\n<p>En primer lugar, conservamos el precioso testimonio de la peregrinaci\u00f3n a los Santos Lugares narrado por la virgen hispana Egeria que lleva por t\u00edtulo <em>Itinerarium ad Loca Sancta <\/em>(Itinerario a los lugares santos). Narra su peregrinaci\u00f3n desde el a\u00f1o 381 al 384.<\/p>\n<p>La veneraci\u00f3n de las tumbas De los Santos Ap\u00f3stoles Pedro y Pablo, as\u00ed como los lugares del martirio en la ciudad de <strong>Roma,<\/strong> han vertebrado la historia de las peregrinaciones en la cristiandad, por el v\u00ednculo de la fe apost\u00f3lica, las gracias de las indulgencias y la referencia al culto de los m\u00e1rtires como modelo de vida cristiana.<\/p>\n<p>Dieron lugar a varias v\u00edas o camino de peregrinaci\u00f3n desde el norte de Europa e Inglaterra hacia Roma, las llamadas \u201cv\u00edas romeas\u201d. Su valor fue y sigue siendo tan grande que de ella toma en espa\u00f1ol la popularizaci\u00f3n del t\u00e9rmino <em>romer\u00eda <\/em>como sin\u00f3nimo de peregrinaci\u00f3n.<\/p>\n<p>Otro hito hist\u00f3rico de las peregrinaciones nace del hallazgo del Sepulcro del Ap\u00f3stol <strong>Santiago<\/strong> el Mayor en Compostela, en torno a los a\u00f1os 820-835.<\/p>\n<p>Lo que hoy es conocido como el Camino de Santiago no es otra cosa sino el fruto de la peregrinaci\u00f3n a las reliquias del ap\u00f3stol. La peregrinaci\u00f3n a Santiago de Compostela vertebr\u00f3 la cristiandad medieval, cuyo camino fue y es recorrido por miles de peregrinos con sentido penitencial, impetratorio y devocional.<\/p>\n<p>Testimonio de la relevancia de la peregrinaci\u00f3n es el <em>Liber Sancti Iacobii<\/em> y <em>Codex Calixtinus<\/em> (en torno al 1140).<\/p>\n<p>El sentido penitencial de las peregrinaciones se vio resaltado con las gracias de los a\u00f1os santos jubilares. Las gracias de indulgencia pon\u00edan de relieve la necesidad de la conversi\u00f3n, el cielo como meta definitiva de todo cristiano y la intercesi\u00f3n por los difuntos.<\/p>\n<p>Los a\u00f1os santos jubilares compostelanos nacen el a\u00f1o 1126 y se celebran cada vez que la fiesta del Ap\u00f3stol Santiago cae en Domingo. Este jubileo nace bajo el pontificado de Calixto II, quien siendo obispo de Vienne (Francia) peregrin\u00f3 a Santiago de Compostela. En Roma, desde el a\u00f1o 1300, comenzaron los grandes jubileos de la cristiandad. Primero con una periodicidad de 33 a\u00f1os (la edad de nuestro Se\u00f1or) y despu\u00e9s cada 50 y 25 a\u00f1os. &nbsp;<\/p>\n<ol start=\"2\">\n<li><strong> La espiritualidad de las peregrinaciones<\/strong><\/li>\n<\/ol>\n<p>Este hecho jubilar nos indica por tanto uno de los ejes de la espiritualidad de las peregrinaciones: la <strong>penitencia<\/strong> para la conversi\u00f3n de vida. El Hijo de Dios comienza su vida p\u00fablica llamando a la conversi\u00f3n: \u201cCumplido es el tiempo, y el reino de Dios est\u00e1 cercano; arrepent\u00edos y creed en el Evangelio\u201d (Marcos 1,15). Los mismos ap\u00f3stoles, por mandato del Se\u00f1or, est\u00e1n llamados a predicar la penitencia para la remisi\u00f3n de los pecados a todas las naciones (cfr. Lc 24,47). Pues la penitencia y la conversi\u00f3n son necesarias para hacer crecer la vida sobrenatural.<\/p>\n<p>Esta llamada a la conversi\u00f3n pone un segundo aspecto de la peregrinaci\u00f3n que es recordar al penitente su condici\u00f3n en esta vida de ser un <strong><em>viator<\/em><\/strong><em>, <\/em>un caminante hacia el cielo.<\/p>\n<p>La meta de todo cristiano y de la Creaci\u00f3n entera es la plenitud de la vida en Dios, por los m\u00e9ritos de Nuestro Se\u00f1or Jesucristo. Hasta que todo sea sometido a Dios por medio de su \u00fanico Hijo Jesucristo (cfr. 15, 28) caminamos en esta vida como peregrinos hacia nuestra patria definitiva.<\/p>\n<p>Cada lugar de peregrinaci\u00f3n es un recordatorio de nuestra condici\u00f3n mortal y nuestra llamada a la inmortalidad, a \u201cbuscar los bienes de all\u00e1 arriba\u201d (Colosenses 3,1).<\/p>\n<p>Peregrinar nos ayuda a relativizar y ordenar tanto los bienes de este mundo, como a sobrellevar con alegr\u00eda los malos en los que est\u00e1 nuestra vida sometida. Peregrinar nos ense\u00f1a a combatir por la verdad, la justicia y la verdadera Paz. Peregrinar nos hace humildes, nos introduce en un camino de sencillez, de desprendimiento evang\u00e9lico y de aut\u00e9ntica b\u00fasqueda de Dios. Peregrinar, en definitiva, nos da la oportunidad de buscar y conformar nuestra vida con Cristo, atendiendo a \u201clas cosas de arriba, no las de la tierra, pues est\u00e1is muertos y vuestra vida est\u00e1 escondida con Cristo en Dios. Cuando se manifieste Cristo, vuestra vida, entonces tambi\u00e9n os manifestar\u00e9is gloriosos con \u00c9l\u201d (Colosenses 3,2-4).<\/p>\n<p>Por \u00faltimo, la peregrinaci\u00f3n pone delante de nuestros ojos la realidad viva y profunda que profesamos en el Credo apost\u00f3lico: \u201c<em>credo\u2026 Sanctorum communionem<\/em>\u201d , \u201ccreo\u2026 en <strong>la comuni\u00f3n de los Santos<\/strong>\u201d.<\/p>\n<p>Peregrinar a los Santos lugares, a un santuario mariano, a un lugar apost\u00f3lico o devocional en torno a un santo o a un hecho milagroso, nos ayuda a comprender que el camino de penitencia y conversi\u00f3n hacia el cielo que es nuestra vida es una obra de la gracia, y que estamos asistidos para ello por el cielo y rodeados y bajo la intercesi\u00f3n de \u201ctal nube de testigos que nos envuelve\u201d (Ep\u00edstola a los Hebreos 12, 1).<\/p>\n<p>Esta dimensi\u00f3n de la comuni\u00f3n de los santos nos recuerda no s\u00f3lo que nos necesitamos unos a otros para vivir la vida cristiana sino que con la gracia que nos viene del cielo y la intercesi\u00f3n de Nuestra Se\u00f1ora y los santos podemos combatir el buen combate de la fe: \u201carrojemos todo peso del pecado que nos asedia, y por la paciencia corramos el combate que se nos ofrece\u201d (\u00cdbid.)<\/p>\n<ol start=\"3\">\n<li><strong> La peregrinaci\u00f3n de Nuestra Se\u00f1ora de la Cristiandad<\/strong><\/li>\n<\/ol>\n<p>\u00bfQu\u00e9 singularidad tiene nuestra peregrinaci\u00f3n anual a Covadonga? En la estela de la peregrinaci\u00f3n desde Paris a Chartres en Francia y de Nuestra Se\u00f1ora de Luj\u00e1n en Argentina, y bajo la advocaci\u00f3n de Nuestra Se\u00f1ora de la Cristiandad, queremos peregrinar en nuestra bendita tierra de Mar\u00eda al Santuario de Covadonga, lugar emblem\u00e1tico para la restauraci\u00f3n de la fe en nuestra milenaria naci\u00f3n. Con la luz de la liturgia tradicional, cuyo centro es la Santa Misa, tesoro de incalculable valor de la Iglesia Cat\u00f3lica, nuestro deseo es procurar vivir y trabajar&nbsp; para que todas las cosas sean restauradas en Cristo.<\/p>\n<p>Como nos recuerda la p\u00e1gina web de nuestra <a href=\"https:\/\/nscristiandad.es\">organizaci\u00f3n<\/a>, caminamos durante tres d\u00edas en torno a la fiesta del Ap\u00f3stol Santiago el 25 de Julio, patr\u00f3n de Espa\u00f1a.<\/p>\n<p>El objetivo de la peregrinaci\u00f3n es la santificaci\u00f3n del alma a trav\u00e9s de las gracias pedidas a Nuestro Se\u00f1or, por intercesi\u00f3n de la Sant\u00edsima Virgen Mar\u00eda, ofreci\u00e9ndole oraciones, sacrificios y mortificaciones durante tres d\u00edas. En estos d\u00edas de peregrinaci\u00f3n encomendamos especialmente a nuestra Patria y al Santo Padre.<\/p>\n<p>En nuestra peregrinaci\u00f3n se busca contribuir a la restauraci\u00f3n del esp\u00edritu de la Cristiandad \u2014seg\u00fan las posibilidades y siempre con el auxilio divino\u2014, que ha dado a la Iglesia y al mundo tantos santos, h\u00e9roes y defensores de la Fe. Nos referimos al orden social cristiano, el cual no es posible sino comprometi\u00e9ndonos en la restauraci\u00f3n de todo en Cristo, comenzando por quienes peregrinamos, nuestras familias, y los diversos \u00e1mbitos de la sociedad en que nos movemos.<\/p>\n<p>Para tan osada empresa, depositamos nuestra confianza en el Santo Sacrificio de la Misa, fundamento de la vida cristiana. Por ello, una parte importante de nuestro apostolado es favorecer y estimular la devoci\u00f3n a la Santa Misa. Durante la peregrinaci\u00f3n se busca resaltar y recordar los cuatro fines de la Misa: la adoraci\u00f3n, para honrar a Dios de la forma m\u00e1s conveniente; la acci\u00f3n de gracias, para agradecer a Dios por sus inmensos dones; la propiciaci\u00f3n, por nuestros pecados y por las almas del purgatorio; la s\u00faplica, por nuestras necesidades particulares y por las del mundo.<\/p>\n<p>La Misa es el mismo Sacrificio de Cristo en la Cruz, ofrecido por el Hijo de Dios al Padre Eterno, para obtener las gracias necesarias para la Salvaci\u00f3n. La Iglesia ha ense\u00f1ado siempre que la Santa Liturgia es una de las v\u00edas por las que el Buen Dios nos comunica su Gracia, o sea, la misma Vida Trinitaria; nos ense\u00f1a tambi\u00e9n las verdades de la Revelaci\u00f3n de una manera particularmente admirable (<em>lex orandi, lex credendi<\/em>), pues est\u00e1 inspirada en palabras y actos de Nuestro Salvador. Teniendo esto en cuenta, NSC-E quiere dar a conocer y amar la Misa celebrada seg\u00fan el Misal codificado por San Pio V, seg\u00fan la edici\u00f3n de 1962. Queremos mostrar, entonces, la necesidad de restaurar el orden social cristiano a trav\u00e9s de las gracias recibidas en la Santa Misa.<\/p>\n<p>Que Nuestra Se\u00f1ora de la Cristiandad interceda por la peregrinaci\u00f3n este a\u00f1o, por quienes participamos y por quienes no pueden venir y, singularmente, por aquellos que en su enfermedad y sacrificio oculto se ofrecen por los fines y los frutos de la misma.<\/p>\n<p><em>Laus Deo!<\/em><\/p>\t\t\t\t\t\t\t\t<\/div>\n\t\t\t\t<\/div>\n\t\t\t\t\t<\/div>\n\t\t<\/div>\n\t\t\t\t<div class=\"elementor-column elementor-col-16 elementor-top-column elementor-element elementor-element-5b1bf7eb\" data-id=\"5b1bf7eb\" data-element_type=\"column\" data-e-type=\"column\">\n\t\t\t<div class=\"elementor-widget-wrap\">\n\t\t\t\t\t\t\t<\/div>\n\t\t<\/div>\n\t\t\t\t\t<\/div>\n\t\t<\/section>\n\t\t\t\t<section class=\"elementor-section elementor-top-section elementor-element elementor-element-43b70c86 elementor-section-boxed elementor-section-height-default elementor-section-height-default\" data-id=\"43b70c86\" data-element_type=\"section\" data-e-type=\"section\">\n\t\t\t\t\t\t<div class=\"elementor-container elementor-column-gap-default\">\n\t\t\t\t\t<div class=\"elementor-column elementor-col-100 elementor-top-column elementor-element elementor-element-485f714e\" data-id=\"485f714e\" data-element_type=\"column\" data-e-type=\"column\">\n\t\t\t<div class=\"elementor-widget-wrap elementor-element-populated\">\n\t\t\t\t\t\t<div class=\"elementor-element elementor-element-388d3495 elementor-widget elementor-widget-text-editor\" data-id=\"388d3495\" data-element_type=\"widget\" data-e-type=\"widget\" data-widget_type=\"text-editor.default\">\n\t\t\t\t<div class=\"elementor-widget-container\">\n\t\t\t\t\t\t\t\t\t<p>PUBLICADO EN EL BOLET\u00cdN \u00abCOVADONGA\u00bb N\u00ba10 &#8211; JULIO 2022<\/p>\t\t\t\t\t\t\t\t<\/div>\n\t\t\t\t<\/div>\n\t\t\t\t<div class=\"elementor-element elementor-element-10384480 elementor-share-buttons--view-icon elementor-share-buttons--shape-circle elementor-share-buttons--skin-gradient elementor-grid-0 elementor-share-buttons--color-official elementor-widget elementor-widget-share-buttons\" data-id=\"10384480\" data-element_type=\"widget\" data-e-type=\"widget\" data-widget_type=\"share-buttons.default\">\n\t\t\t\t<div class=\"elementor-widget-container\">\n\t\t\t\t\t\t\t<div class=\"elementor-grid\" role=\"list\">\n\t\t\t\t\t\t\t\t<div class=\"elementor-grid-item\" role=\"listitem\">\n\t\t\t\t\t\t<div class=\"elementor-share-btn elementor-share-btn_facebook\" role=\"button\" tabindex=\"0\" aria-label=\"Share on facebook\">\n\t\t\t\t\t\t\t\t\t\t\t\t\t\t\t<span class=\"elementor-share-btn__icon\">\n\t\t\t\t\t\t\t\t<i class=\"fab fa-facebook\" aria-hidden=\"true\"><\/i>\t\t\t\t\t\t\t<\/span>\n\t\t\t\t\t\t\t\t\t\t\t\t\t\t\t\t\t\t\t\t<\/div>\n\t\t\t\t\t<\/div>\n\t\t\t\t\t\t\t\t\t<div class=\"elementor-grid-item\" role=\"listitem\">\n\t\t\t\t\t\t<div class=\"elementor-share-btn elementor-share-btn_twitter\" role=\"button\" tabindex=\"0\" aria-label=\"Share on twitter\">\n\t\t\t\t\t\t\t\t\t\t\t\t\t\t\t<span class=\"elementor-share-btn__icon\">\n\t\t\t\t\t\t\t\t<i class=\"fab fa-twitter\" aria-hidden=\"true\"><\/i>\t\t\t\t\t\t\t<\/span>\n\t\t\t\t\t\t\t\t\t\t\t\t\t\t\t\t\t\t\t\t<\/div>\n\t\t\t\t\t<\/div>\n\t\t\t\t\t\t\t\t\t<div class=\"elementor-grid-item\" role=\"listitem\">\n\t\t\t\t\t\t<div class=\"elementor-share-btn elementor-share-btn_telegram\" role=\"button\" tabindex=\"0\" aria-label=\"Share on telegram\">\n\t\t\t\t\t\t\t\t\t\t\t\t\t\t\t<span class=\"elementor-share-btn__icon\">\n\t\t\t\t\t\t\t\t<i class=\"fab fa-telegram\" aria-hidden=\"true\"><\/i>\t\t\t\t\t\t\t<\/span>\n\t\t\t\t\t\t\t\t\t\t\t\t\t\t\t\t\t\t\t\t<\/div>\n\t\t\t\t\t<\/div>\n\t\t\t\t\t\t\t\t\t<div class=\"elementor-grid-item\" role=\"listitem\">\n\t\t\t\t\t\t<div class=\"elementor-share-btn elementor-share-btn_whatsapp\" role=\"button\" tabindex=\"0\" aria-label=\"Share on whatsapp\">\n\t\t\t\t\t\t\t\t\t\t\t\t\t\t\t<span class=\"elementor-share-btn__icon\">\n\t\t\t\t\t\t\t\t<i class=\"fab fa-whatsapp\" aria-hidden=\"true\"><\/i>\t\t\t\t\t\t\t<\/span>\n\t\t\t\t\t\t\t\t\t\t\t\t\t\t\t\t\t\t\t\t<\/div>\n\t\t\t\t\t<\/div>\n\t\t\t\t\t\t\t\t\t<div class=\"elementor-grid-item\" role=\"listitem\">\n\t\t\t\t\t\t<div class=\"elementor-share-btn elementor-share-btn_email\" role=\"button\" tabindex=\"0\" aria-label=\"Share on email\">\n\t\t\t\t\t\t\t\t\t\t\t\t\t\t\t<span class=\"elementor-share-btn__icon\">\n\t\t\t\t\t\t\t\t<i class=\"fas fa-envelope\" aria-hidden=\"true\"><\/i>\t\t\t\t\t\t\t<\/span>\n\t\t\t\t\t\t\t\t\t\t\t\t\t\t\t\t\t\t\t\t<\/div>\n\t\t\t\t\t<\/div>\n\t\t\t\t\t\t<\/div>\n\t\t\t\t\t\t<\/div>\n\t\t\t\t<\/div>\n\t\t\t\t\t<\/div>\n\t\t<\/div>\n\t\t\t\t\t<\/div>\n\t\t<\/section>\n\t\t\t\t<\/div>\n\t\t","protected":false},"excerpt":{"rendered":"<p>Las peregrinaciones: historia y espiritualidad D. Pablo Ormazabal Albistur, Pbro. Peregrinaci\u00f3n Nuestra Se\u00f1ora de la Cristiandad (Espa\u00f1a), 2021 Las peregrinaciones: historia y espiritualidad Nos encaminamos por segundo a\u00f1o consecutivo, en el esp\u00edritu de la Cristiandad, hacia Covadonga. Bajo el amparo de la Sant\u00edsima Virgen Mar\u00eda que gu\u00eda nuestros pasos, peregrinamos movidos por la Providencia, que [&hellip;]<\/p>\n","protected":false},"author":3,"featured_media":5459,"comment_status":"closed","ping_status":"open","sticky":false,"template":"","format":"standard","meta":{"site-sidebar-layout":"default","site-content-layout":"","ast-site-content-layout":"default","site-content-style":"default","site-sidebar-style":"default","ast-global-header-display":"","ast-banner-title-visibility":"","ast-main-header-display":"","ast-hfb-above-header-display":"","ast-hfb-below-header-display":"","ast-hfb-mobile-header-display":"","site-post-title":"","ast-breadcrumbs-content":"","ast-featured-img":"","footer-sml-layout":"","ast-disable-related-posts":"","theme-transparent-header-meta":"","adv-header-id-meta":"","stick-header-meta":"","header-above-stick-meta":"","header-main-stick-meta":"","header-below-stick-meta":"","astra-migrate-meta-layouts":"default","ast-page-background-enabled":"default","ast-page-background-meta":{"desktop":{"background-color":"","background-image":"","background-repeat":"repeat","background-position":"center center","background-size":"auto","background-attachment":"scroll","background-type":"","background-media":"","overlay-type":"","overlay-color":"","overlay-opacity":"","overlay-gradient":""},"tablet":{"background-color":"","background-image":"","background-repeat":"repeat","background-position":"center center","background-size":"auto","background-attachment":"scroll","background-type":"","background-media":"","overlay-type":"","overlay-color":"","overlay-opacity":"","overlay-gradient":""},"mobile":{"background-color":"","background-image":"","background-repeat":"repeat","background-position":"center center","background-size":"auto","background-attachment":"scroll","background-type":"","background-media":"","overlay-type":"","overlay-color":"","overlay-opacity":"","overlay-gradient":""}},"ast-content-background-meta":{"desktop":{"background-color":"var(--ast-global-color-5)","background-image":"","background-repeat":"repeat","background-position":"center center","background-size":"auto","background-attachment":"scroll","background-type":"","background-media":"","overlay-type":"","overlay-color":"","overlay-opacity":"","overlay-gradient":""},"tablet":{"background-color":"var(--ast-global-color-5)","background-image":"","background-repeat":"repeat","background-position":"center center","background-size":"auto","background-attachment":"scroll","background-type":"","background-media":"","overlay-type":"","overlay-color":"","overlay-opacity":"","overlay-gradient":""},"mobile":{"background-color":"var(--ast-global-color-5)","background-image":"","background-repeat":"repeat","background-position":"center center","background-size":"auto","background-attachment":"scroll","background-type":"","background-media":"","overlay-type":"","overlay-color":"","overlay-opacity":"","overlay-gradient":""}},"footnotes":""},"categories":[16],"tags":[],"class_list":["post-10037","post","type-post","status-publish","format-standard","has-post-thumbnail","hentry","category-sin-categoria-en"],"_links":{"self":[{"href":"https:\/\/nscristiandad.es\/en\/wp-json\/wp\/v2\/posts\/10037","targetHints":{"allow":["GET"]}}],"collection":[{"href":"https:\/\/nscristiandad.es\/en\/wp-json\/wp\/v2\/posts"}],"about":[{"href":"https:\/\/nscristiandad.es\/en\/wp-json\/wp\/v2\/types\/post"}],"author":[{"embeddable":true,"href":"https:\/\/nscristiandad.es\/en\/wp-json\/wp\/v2\/users\/3"}],"replies":[{"embeddable":true,"href":"https:\/\/nscristiandad.es\/en\/wp-json\/wp\/v2\/comments?post=10037"}],"version-history":[{"count":0,"href":"https:\/\/nscristiandad.es\/en\/wp-json\/wp\/v2\/posts\/10037\/revisions"}],"wp:featuredmedia":[{"embeddable":true,"href":"https:\/\/nscristiandad.es\/en\/wp-json\/wp\/v2\/media\/5459"}],"wp:attachment":[{"href":"https:\/\/nscristiandad.es\/en\/wp-json\/wp\/v2\/media?parent=10037"}],"wp:term":[{"taxonomy":"category","embeddable":true,"href":"https:\/\/nscristiandad.es\/en\/wp-json\/wp\/v2\/categories?post=10037"},{"taxonomy":"post_tag","embeddable":true,"href":"https:\/\/nscristiandad.es\/en\/wp-json\/wp\/v2\/tags?post=10037"}],"curies":[{"name":"wp","href":"https:\/\/api.w.org\/{rel}","templated":true}]}}