{"id":13121,"date":"2023-05-16T11:20:13","date_gmt":"2023-05-16T09:20:13","guid":{"rendered":"https:\/\/nscristiandad.es\/?p=13121"},"modified":"2025-03-24T16:55:07","modified_gmt":"2025-03-24T15:55:07","slug":"la-virgen-maria-el-sacerdote","status":"publish","type":"post","link":"https:\/\/nscristiandad.es\/en\/la-virgen-maria-el-sacerdote\/","title":{"rendered":"La Virgen Mar\u00eda, el sacerdote, y la devoci\u00f3n eucar\u00edstica"},"content":{"rendered":"\t\t<div data-elementor-type=\"wp-post\" data-elementor-id=\"13121\" class=\"elementor elementor-13121\" data-elementor-post-type=\"post\">\n\t\t\t\t\t\t<section class=\"elementor-section elementor-top-section elementor-element elementor-element-330e92bc elementor-section-full_width elementor-section-content-middle elementor-section-stretched elementor-section-height-min-height elementor-section-items-bottom elementor-section-height-default elementor-invisible\" data-id=\"330e92bc\" data-element_type=\"section\" data-e-type=\"section\" data-settings=\"{&quot;background_background&quot;:&quot;classic&quot;,&quot;stretch_section&quot;:&quot;section-stretched&quot;,&quot;animation&quot;:&quot;fadeInDown&quot;}\">\n\t\t\t\t\t\t<div class=\"elementor-container elementor-column-gap-default\">\n\t\t\t\t\t<div class=\"elementor-column elementor-col-100 elementor-top-column elementor-element elementor-element-2f178243\" data-id=\"2f178243\" data-element_type=\"column\" data-e-type=\"column\">\n\t\t\t<div class=\"elementor-widget-wrap elementor-element-populated\">\n\t\t\t\t\t\t<div class=\"elementor-element elementor-element-6169f1b elementor-invisible elementor-widget elementor-widget-heading\" data-id=\"6169f1b\" data-element_type=\"widget\" data-e-type=\"widget\" data-settings=\"{&quot;_animation&quot;:&quot;slideInDown&quot;}\" data-widget_type=\"heading.default\">\n\t\t\t\t<div class=\"elementor-widget-container\">\n\t\t\t\t\t<h1 class=\"elementor-heading-title elementor-size-large\">La Virgen Mar\u00eda, el sacerdote, y la devoci\u00f3n eucar\u00edstica<\/h1>\t\t\t\t<\/div>\n\t\t\t\t<\/div>\n\t\t\t\t<div class=\"elementor-element elementor-element-12948226 elementor-invisible elementor-widget elementor-widget-heading\" data-id=\"12948226\" data-element_type=\"widget\" data-e-type=\"widget\" data-settings=\"{&quot;_animation&quot;:&quot;slideInDown&quot;}\" data-widget_type=\"heading.default\">\n\t\t\t\t<div class=\"elementor-widget-container\">\n\t\t\t\t\t<h3 class=\"elementor-heading-title elementor-size-large\">D. \u00c1ngel David Mart\u00edn Rubio, Pbro.<\/h3>\t\t\t\t<\/div>\n\t\t\t\t<\/div>\n\t\t\t\t\t<\/div>\n\t\t<\/div>\n\t\t\t\t\t<\/div>\n\t\t<\/section>\n\t\t\t\t<section class=\"elementor-section elementor-top-section elementor-element elementor-element-42d2738c elementor-section-boxed elementor-section-height-default elementor-section-height-default\" data-id=\"42d2738c\" data-element_type=\"section\" data-e-type=\"section\">\n\t\t\t\t\t\t<div class=\"elementor-container elementor-column-gap-default\">\n\t\t\t\t\t<div class=\"elementor-column elementor-col-16 elementor-top-column elementor-element elementor-element-2ea0d8db\" data-id=\"2ea0d8db\" data-element_type=\"column\" data-e-type=\"column\">\n\t\t\t<div class=\"elementor-widget-wrap\">\n\t\t\t\t\t\t\t<\/div>\n\t\t<\/div>\n\t\t\t\t<div class=\"elementor-column elementor-col-66 elementor-top-column elementor-element elementor-element-1e121b23\" data-id=\"1e121b23\" data-element_type=\"column\" data-e-type=\"column\">\n\t\t\t<div class=\"elementor-widget-wrap elementor-element-populated\">\n\t\t\t\t\t\t<div class=\"elementor-element elementor-element-16d76808 elementor-widget elementor-widget-text-editor\" data-id=\"16d76808\" data-element_type=\"widget\" data-e-type=\"widget\" data-widget_type=\"text-editor.default\">\n\t\t\t\t<div class=\"elementor-widget-container\">\n\t\t\t\t\t\t\t\t\t<p><strong>I.<\/strong> \u00abAntes de la fiesta de la Pascua, sabiendo Jes\u00fas que hab\u00eda llegado su hora de pasar de este mundo al Padre, habiendo amado a los suyos que estaban en el mundo, los am\u00f3 hasta el extremo\u00bb (Jn 13, 1). Con estas palabras, san Juan introduce el relato de la pasi\u00f3n y muerte de Cristo. El evangelista destaca c\u00f3mo \u00c9l es el \u00fanico consciente de todos los pasos que da; c\u00f3mo va libremente a la muerte; c\u00f3mo tiene el dominio sobre todas las cosas y c\u00f3mo, por amor a Dios y a los hombres, \u201csali\u00f3\u201d de Dios y \u201cvuelve\u201d as\u00ed, triunfalmente por su muerte redentora, a Dios.<\/p><p>La expresi\u00f3n \u201chasta el extremo\u201d en su original griego lo mismo puede tener un sentido temporal que un valor cualitativo de perfecci\u00f3n. Por tanto, el sentido literal de este vers\u00edculo puede ser que los am\u00f3 hasta el extremo (como se ve en lo que hace a continuaci\u00f3n) o que quiso extender a todos los suyos, hasta el fin de los tiempos, el mismo amor que ten\u00eda a los que entonces estaban en el mundo. Y por tanto se puede poner tambi\u00e9n en relaci\u00f3n con la instituci\u00f3n del Orden sacerdotal en la \u00daltima Cena, al conferir a los Ap\u00f3stoles y a sus sucesores la potestad de consagrar la Eucarist\u00eda para dar cumplimiento a la profec\u00eda de Malaqu\u00edas: \u00abPues de Oriente a Occidente mi nombre es grande entre las naciones, y en todo lugar se quema incienso en mi honor y se ofrece a mi nombre una ofrenda pura, pues mi nombre es grande entre las naciones, dice el Se\u00f1or del universo\u00bb (Mal 1, 11). Texto citado por el Concilio de Trento: \u00abY esta es ciertamente aquella oblaci\u00f3n pura, que no puede mancharse por indignidad o malicia alguna de los oferentes, que el Se\u00f1or predijo por Malaqu\u00edas [1, 11] hab\u00eda de ofrecerse en todo lugar, pura, a su nombre, que hab\u00eda de ser grande entre las naciones\u00bb.<\/p><p>Como don de Dios que es la gracia sacramental del Orden, el sacerdote necesita ante todo la vocaci\u00f3n divina pero, una vez que responde a la vocaci\u00f3n, el alma sacerdotal tiene que ser forjada a lo largo de toda su vida. La Sant\u00edsima Virgen Mar\u00eda responde plenamente a esta necesidad pues gradualmente interviene en la formaci\u00f3n del alma sacerdotal por su oraci\u00f3n y por el influjo de su mediaci\u00f3n universal.<\/p><p>El Directorio publicado por la Congregaci\u00f3n para el Clero, dedica tres ep\u00edgrafes a la devoci\u00f3n a Mar\u00eda del sacerdote. En los dos primeros vincula la espiritualidad mariana de todo sacerdote a la relaci\u00f3n que hay entre la divina maternidad de Mar\u00eda y el sacerdocio de Cristo. Por \u00faltimo habla de la vinculaci\u00f3n entre la Eucarist\u00eda y Mar\u00eda. En notas remite a la enc\u00edclica <i>Ecclesia de Eucharistia<\/i> (2003) y a dos audiencias generales, de Juan Pablo II (30-junio-1993) y de Benedicto XVI (12-agosto-2009).<\/p><p>La Virgen forma a los sacerdotes para vivir dignamente su ministerio y ejercerlo con fruto por una triple motivaci\u00f3n que el te\u00f3logo Garrigou-Lagrange sistematiza as\u00ed:<\/p><ul><li>Por las relaciones existentes entre maternidad divina y sacerdocio.<\/li><li>Porque la Virgen Mar\u00eda es madre espiritual de los sacerdotes.<\/li><li>Y porque es un ejemplar magn\u00edfico de la devoci\u00f3n eucar\u00edstica.<\/li><\/ul><p><strong>II.<\/strong><b> <\/b>El fundamento de la relaci\u00f3n entre la Virgen y la Eucarist\u00eda lo encontramos en los textos de la Escritura acerca de la instituci\u00f3n de este Sacramento y en la maternidad divina. Jes\u00fas sacramentado es Hijo de Mar\u00eda, y hay una vinculaci\u00f3n inseparable entre la Eucarist\u00eda y el misterio de la Encarnaci\u00f3n:<\/p><p>\u00abPorque cuando creemos que el cuerpo de Cristo fue formado de la pur\u00edsima sangre de la Madre Virgen, reconocemos haber obrado en esto la naturaleza seg\u00fan su modo natural, pues lo es que los cuerpos de los hombres sean formados de la sangre de la madre. Mas lo que excede al orden de la naturaleza y toda inteligencia humana, es que en el mismo instante en que la bienaventurada Virgen, dando su consentimiento a las palabras del \u00c1ngel, dijo: \u201cHe aqu\u00ed la esclava del Se\u00f1or, h\u00e1gase en mi seg\u00fan vuestra palabra\u201d, en ese mismo fue formado el sant\u00edsimo Cuerpo de Cristo, y se le junt\u00f3 el alma adornada del uso de la raz\u00f3n, y as\u00ed en un mismo momento fue perfecto Dios y perfecto Hombre\u00bb.<\/p><p>En el \u00abPange lingua\u00bb la Iglesia invita a \u00abla lengua a cantar el misterio del glorioso cuerpo y de la preciosa sangre\u00bb, \u00abfruto del vientre generoso\u00bb de Mar\u00eda. Se nos presenta, por consiguiente, la Eucarist\u00eda como fruto de Mar\u00eda. En el motete \u00abAve, verum Corpus\u00bb que se canta muy a menudo en la exposici\u00f3n del Sant\u00edsimo Sacramento, es saludada la Eucar\u00edst\u00eda como \u00abverdadero cuerpo\u00bb nacido de Mar\u00eda<br \/>Esto nos lleva, en primer lugar a considerar las relaciones que tuvo Mar\u00eda Sant\u00edsima con la Eucarist\u00eda mientras vivi\u00f3 en la tierra y, a continuaci\u00f3n, c\u00f3mo Ella sigue interviniendo en cada Misa que celebran los sacerdotes.<\/p><p>1. En cuanto a las relaciones que la Virgen tuvo con la Eucarist\u00eda mientras vivi\u00f3 en la tierra, Roschini reconoce en la Sagrada Escritura indicios de su asistencia al sacrificio eucar\u00edstico y su participaci\u00f3n en el mismo. Cita al respecto dos textos que interpreta en ese sentido: \u00abtodos ellos perseveraban un\u00e1nimes en la oraci\u00f3n, junto con algunas mujeres y Mar\u00eda, la madre de Jes\u00fas, y con sus hermanos\u00bb (Hch 1, 14) y \u00abperseveraban en la ense\u00f1anza de los ap\u00f3stoles, en la comuni\u00f3n, en la fracci\u00f3n del pan y en las oraciones\u00bb (Hch 2, 42). Y encuentra una raz\u00f3n de conveniencia para que la Virgen recibiera la comuni\u00f3n sacramental no tanto por las exigencias de su vida espiritual cuanto por su misi\u00f3n eclesiol\u00f3gica: \u00abno pod\u00eda menos de participar en el misterio de la unidad del cuerpo m\u00edstico, del que Ella misma era, en la primera comunidad cristiana, el centro, no jur\u00eddico, pero s\u00ed espiritual. Mar\u00eda, habiendo participado en el sacrificio cruento de Jes\u00fas en el Calvario (Jn. 19, 25), no pod\u00eda estar ausente, a t\u00edtulo de corredentora, o bien de medianera de la gracia, en el incruento del altar\u00bb.<br \/>El citado Directorio nos recuerda la presencia de la Virgen en cada una de las misas que celebramos: \u00abMar\u00eda est\u00e1 presente con la Iglesia, y como Madre de la Iglesia, en todas nuestras celebraciones eucar\u00edsticas [\u2026] el encuentro con Jes\u00fas en el Sacrificio del Altar conlleva inevitablemente el encuentro con Mar\u00eda, su Madre\u00bb (n\u00ba 86).<\/p><p>2. Adem\u00e1s de la relaci\u00f3n que Mar\u00eda tiene con la Eucarist\u00eda considerada como sacramento, la tiene tambi\u00e9n con la Eucarist\u00eda considerada como sacrificio.<br \/>\u00abAl sacrificio de la cruz cooper\u00f3 Mar\u00eda, no s\u00f3lo de una manera indirecta y remota (como madre tanto del Sacerdote como de la V\u00edctima de dicho sacrificio), sino tambi\u00e9n de una manera pr\u00f3xima y directa, ofreciendo, junto con Cristo, aquel divino sacrificio, es decir, renunciando a los derechos maternos que ella ten\u00eda sobre aquella V\u00edctima para la salvaci\u00f3n del g\u00e9nero humano. Otro tanto se ha de decir de la cooperaci\u00f3n de la Virgen al sacrificio del altar, sustancialmente id\u00e9ntico al de la cruz. Coopera tambi\u00e9n de una manera indirecta y remota, en cuanto que la relaci\u00f3n real de madre tanto para con el Sacerdote como para con la V\u00edctima contin\u00faa todav\u00eda; y coopera tambi\u00e9n de una manera pr\u00f3xima y directa, en cuanto que el ofrecimiento de la V\u00edctima que Ella hizo en el Calvario, junto con la renuncia de los derechos maternos que ten\u00eda sobre la misma, contin\u00faa todav\u00eda, al no haberse jam\u00e1s retractado\u00bb.<\/p><p><strong>III.<\/strong> En resumen, la vida sacerdotal no puede menos de ser eucar\u00edstica y mariana: eucar\u00edstica, porque la Eucarist\u00eda es el alimento de la vida sobrenatural de la gracia; mariana, porque nuestra Se\u00f1ora es nuestra Madre espiritual, cuya misi\u00f3n es la de dar a Cristo al mundo. La Virgen es, adem\u00e1s, el modelo m\u00e1s perfecto de la piedad eucar\u00edstica tanto para los fieles como para los sacerdotes. Ella ense\u00f1a a los fieles de qu\u00e9 manera y con qu\u00e9 sentimientos de fe y de amor deben asistir al sacrificio de la misa, recibir la Eucarist\u00eda y adorar al sant\u00edsimo Sacramento del altar. Ella ense\u00f1a tambi\u00e9n, de un modo particular, a los sacerdotes, con qu\u00e9 sentimientos han de ofrecer el sacrificio eucar\u00edstico.<\/p><p>Todos los cristianos y en especial los sacerdotes debemos agradecer a Jesucristo habernos dado una Madre tan excelente; y a la Virgen Mar\u00eda, todos los auxilios y beneficios que por este t\u00edtulo no deja de hacernos llegar. Que con su acci\u00f3n maternal seamos cada d\u00eda verdaderos y fieles servidores e hijos suyos y este ser\u00e1 el mejor camino para ser fieles y crecer en santidad.<\/p><p>Que el ejemplo de la Virgen y nuestra devoci\u00f3n filial hacia esta Madre que Jes\u00fas nos ha confiado en el Calvario sea el camino que recorramos cada uno de nosotros hasta llegar a la perfecci\u00f3n del amor de Dios mediante nuestra uni\u00f3n al sacrificio de Cristo con nuestro propio sacrificio: Per Mariam ad J\u00e9sum! \u2013 \u00a1A Jes\u00fas, por Mar\u00eda!<br \/><a href=\"#_ftnref5\" name=\"_ftn5\"><\/a><\/p>\t\t\t\t\t\t\t\t<\/div>\n\t\t\t\t<\/div>\n\t\t\t\t\t<\/div>\n\t\t<\/div>\n\t\t\t\t<div class=\"elementor-column elementor-col-16 elementor-top-column elementor-element elementor-element-26d10a1e\" data-id=\"26d10a1e\" data-element_type=\"column\" data-e-type=\"column\">\n\t\t\t<div class=\"elementor-widget-wrap\">\n\t\t\t\t\t\t\t<\/div>\n\t\t<\/div>\n\t\t\t\t\t<\/div>\n\t\t<\/section>\n\t\t\t\t<section class=\"elementor-section elementor-top-section elementor-element elementor-element-3b08ad08 elementor-section-boxed elementor-section-height-default elementor-section-height-default\" data-id=\"3b08ad08\" data-element_type=\"section\" data-e-type=\"section\">\n\t\t\t\t\t\t<div class=\"elementor-container elementor-column-gap-default\">\n\t\t\t\t\t<div class=\"elementor-column elementor-col-100 elementor-top-column elementor-element elementor-element-4e7051d7\" data-id=\"4e7051d7\" data-element_type=\"column\" data-e-type=\"column\">\n\t\t\t<div class=\"elementor-widget-wrap elementor-element-populated\">\n\t\t\t\t\t\t<div class=\"elementor-element elementor-element-6aed5e89 elementor-widget elementor-widget-text-editor\" data-id=\"6aed5e89\" data-element_type=\"widget\" data-e-type=\"widget\" data-widget_type=\"text-editor.default\">\n\t\t\t\t<div class=\"elementor-widget-container\">\n\t\t\t\t\t\t\t\t\t<p>PUBLICADO EN EL BOLET\u00cdN \u00abLAUDATE\u00bb N\u00ba20 &#8211; MAYO 2023<\/p>\t\t\t\t\t\t\t\t<\/div>\n\t\t\t\t<\/div>\n\t\t\t\t<div class=\"elementor-element elementor-element-2baeb8b9 elementor-share-buttons--view-icon elementor-share-buttons--shape-circle elementor-share-buttons--skin-gradient elementor-grid-0 elementor-share-buttons--color-official elementor-widget elementor-widget-share-buttons\" data-id=\"2baeb8b9\" data-element_type=\"widget\" data-e-type=\"widget\" data-widget_type=\"share-buttons.default\">\n\t\t\t\t<div class=\"elementor-widget-container\">\n\t\t\t\t\t\t\t<div class=\"elementor-grid\" role=\"list\">\n\t\t\t\t\t\t\t\t<div class=\"elementor-grid-item\" role=\"listitem\">\n\t\t\t\t\t\t<div class=\"elementor-share-btn elementor-share-btn_facebook\" role=\"button\" tabindex=\"0\" aria-label=\"Share on facebook\">\n\t\t\t\t\t\t\t\t\t\t\t\t\t\t\t<span class=\"elementor-share-btn__icon\">\n\t\t\t\t\t\t\t\t<i class=\"fab fa-facebook\" aria-hidden=\"true\"><\/i>\t\t\t\t\t\t\t<\/span>\n\t\t\t\t\t\t\t\t\t\t\t\t\t\t\t\t\t\t\t\t<\/div>\n\t\t\t\t\t<\/div>\n\t\t\t\t\t\t\t\t\t<div class=\"elementor-grid-item\" role=\"listitem\">\n\t\t\t\t\t\t<div class=\"elementor-share-btn elementor-share-btn_twitter\" role=\"button\" tabindex=\"0\" aria-label=\"Share on twitter\">\n\t\t\t\t\t\t\t\t\t\t\t\t\t\t\t<span class=\"elementor-share-btn__icon\">\n\t\t\t\t\t\t\t\t<i class=\"fab fa-twitter\" aria-hidden=\"true\"><\/i>\t\t\t\t\t\t\t<\/span>\n\t\t\t\t\t\t\t\t\t\t\t\t\t\t\t\t\t\t\t\t<\/div>\n\t\t\t\t\t<\/div>\n\t\t\t\t\t\t\t\t\t<div class=\"elementor-grid-item\" role=\"listitem\">\n\t\t\t\t\t\t<div class=\"elementor-share-btn elementor-share-btn_telegram\" role=\"button\" tabindex=\"0\" aria-label=\"Share on telegram\">\n\t\t\t\t\t\t\t\t\t\t\t\t\t\t\t<span class=\"elementor-share-btn__icon\">\n\t\t\t\t\t\t\t\t<i class=\"fab fa-telegram\" aria-hidden=\"true\"><\/i>\t\t\t\t\t\t\t<\/span>\n\t\t\t\t\t\t\t\t\t\t\t\t\t\t\t\t\t\t\t\t<\/div>\n\t\t\t\t\t<\/div>\n\t\t\t\t\t\t\t\t\t<div class=\"elementor-grid-item\" role=\"listitem\">\n\t\t\t\t\t\t<div class=\"elementor-share-btn elementor-share-btn_whatsapp\" role=\"button\" tabindex=\"0\" aria-label=\"Share on whatsapp\">\n\t\t\t\t\t\t\t\t\t\t\t\t\t\t\t<span class=\"elementor-share-btn__icon\">\n\t\t\t\t\t\t\t\t<i class=\"fab fa-whatsapp\" aria-hidden=\"true\"><\/i>\t\t\t\t\t\t\t<\/span>\n\t\t\t\t\t\t\t\t\t\t\t\t\t\t\t\t\t\t\t\t<\/div>\n\t\t\t\t\t<\/div>\n\t\t\t\t\t\t\t\t\t<div class=\"elementor-grid-item\" role=\"listitem\">\n\t\t\t\t\t\t<div class=\"elementor-share-btn elementor-share-btn_email\" role=\"button\" tabindex=\"0\" aria-label=\"Share on email\">\n\t\t\t\t\t\t\t\t\t\t\t\t\t\t\t<span class=\"elementor-share-btn__icon\">\n\t\t\t\t\t\t\t\t<i class=\"fas fa-envelope\" aria-hidden=\"true\"><\/i>\t\t\t\t\t\t\t<\/span>\n\t\t\t\t\t\t\t\t\t\t\t\t\t\t\t\t\t\t\t\t<\/div>\n\t\t\t\t\t<\/div>\n\t\t\t\t\t\t<\/div>\n\t\t\t\t\t\t<\/div>\n\t\t\t\t<\/div>\n\t\t\t\t\t<\/div>\n\t\t<\/div>\n\t\t\t\t\t<\/div>\n\t\t<\/section>\n\t\t\t\t<\/div>\n\t\t","protected":false},"excerpt":{"rendered":"<p>La Virgen Mar\u00eda, el sacerdote, y la devoci\u00f3n eucar\u00edstica D. \u00c1ngel David Mart\u00edn Rubio, Pbro. I. \u00abAntes de la fiesta de la Pascua, sabiendo Jes\u00fas que hab\u00eda llegado su hora de pasar de este mundo al Padre, habiendo amado a los suyos que estaban en el mundo, los am\u00f3 hasta el extremo\u00bb (Jn 13, 1). [&hellip;]<\/p>\n","protected":false},"author":3,"featured_media":11477,"comment_status":"closed","ping_status":"open","sticky":false,"template":"","format":"standard","meta":{"site-sidebar-layout":"default","site-content-layout":"","ast-site-content-layout":"default","site-content-style":"default","site-sidebar-style":"default","ast-global-header-display":"","ast-banner-title-visibility":"","ast-main-header-display":"","ast-hfb-above-header-display":"","ast-hfb-below-header-display":"","ast-hfb-mobile-header-display":"","site-post-title":"","ast-breadcrumbs-content":"","ast-featured-img":"","footer-sml-layout":"","ast-disable-related-posts":"","theme-transparent-header-meta":"","adv-header-id-meta":"","stick-header-meta":"","header-above-stick-meta":"","header-main-stick-meta":"","header-below-stick-meta":"","astra-migrate-meta-layouts":"default","ast-page-background-enabled":"default","ast-page-background-meta":{"desktop":{"background-color":"","background-image":"","background-repeat":"repeat","background-position":"center center","background-size":"auto","background-attachment":"scroll","background-type":"","background-media":"","overlay-type":"","overlay-color":"","overlay-opacity":"","overlay-gradient":""},"tablet":{"background-color":"","background-image":"","background-repeat":"repeat","background-position":"center center","background-size":"auto","background-attachment":"scroll","background-type":"","background-media":"","overlay-type":"","overlay-color":"","overlay-opacity":"","overlay-gradient":""},"mobile":{"background-color":"","background-image":"","background-repeat":"repeat","background-position":"center center","background-size":"auto","background-attachment":"scroll","background-type":"","background-media":"","overlay-type":"","overlay-color":"","overlay-opacity":"","overlay-gradient":""}},"ast-content-background-meta":{"desktop":{"background-color":"var(--ast-global-color-5)","background-image":"","background-repeat":"repeat","background-position":"center center","background-size":"auto","background-attachment":"scroll","background-type":"","background-media":"","overlay-type":"","overlay-color":"","overlay-opacity":"","overlay-gradient":""},"tablet":{"background-color":"var(--ast-global-color-5)","background-image":"","background-repeat":"repeat","background-position":"center center","background-size":"auto","background-attachment":"scroll","background-type":"","background-media":"","overlay-type":"","overlay-color":"","overlay-opacity":"","overlay-gradient":""},"mobile":{"background-color":"var(--ast-global-color-5)","background-image":"","background-repeat":"repeat","background-position":"center center","background-size":"auto","background-attachment":"scroll","background-type":"","background-media":"","overlay-type":"","overlay-color":"","overlay-opacity":"","overlay-gradient":""}},"footnotes":""},"categories":[55],"tags":[],"class_list":["post-13121","post","type-post","status-publish","format-standard","has-post-thumbnail","hentry","category-boletin"],"_links":{"self":[{"href":"https:\/\/nscristiandad.es\/en\/wp-json\/wp\/v2\/posts\/13121","targetHints":{"allow":["GET"]}}],"collection":[{"href":"https:\/\/nscristiandad.es\/en\/wp-json\/wp\/v2\/posts"}],"about":[{"href":"https:\/\/nscristiandad.es\/en\/wp-json\/wp\/v2\/types\/post"}],"author":[{"embeddable":true,"href":"https:\/\/nscristiandad.es\/en\/wp-json\/wp\/v2\/users\/3"}],"replies":[{"embeddable":true,"href":"https:\/\/nscristiandad.es\/en\/wp-json\/wp\/v2\/comments?post=13121"}],"version-history":[{"count":0,"href":"https:\/\/nscristiandad.es\/en\/wp-json\/wp\/v2\/posts\/13121\/revisions"}],"wp:featuredmedia":[{"embeddable":true,"href":"https:\/\/nscristiandad.es\/en\/wp-json\/wp\/v2\/media\/11477"}],"wp:attachment":[{"href":"https:\/\/nscristiandad.es\/en\/wp-json\/wp\/v2\/media?parent=13121"}],"wp:term":[{"taxonomy":"category","embeddable":true,"href":"https:\/\/nscristiandad.es\/en\/wp-json\/wp\/v2\/categories?post=13121"},{"taxonomy":"post_tag","embeddable":true,"href":"https:\/\/nscristiandad.es\/en\/wp-json\/wp\/v2\/tags?post=13121"}],"curies":[{"name":"wp","href":"https:\/\/api.w.org\/{rel}","templated":true}]}}