{"id":16194,"date":"2024-01-16T19:40:49","date_gmt":"2024-01-16T18:40:49","guid":{"rendered":"https:\/\/nscristiandad.es\/?p=16194"},"modified":"2025-03-24T16:46:41","modified_gmt":"2025-03-24T15:46:41","slug":"recordando-la-enciclica-divini-illius-magistri","status":"publish","type":"post","link":"https:\/\/nscristiandad.es\/fr\/recordando-la-enciclica-divini-illius-magistri\/","title":{"rendered":"Recordando la enc\u00edclica \u00abDivini illius Magistri\u00bb"},"content":{"rendered":"\t\t<div data-elementor-type=\"wp-post\" data-elementor-id=\"16194\" class=\"elementor elementor-16194\" data-elementor-post-type=\"post\">\n\t\t\t\t\t\t<section class=\"elementor-section elementor-top-section elementor-element elementor-element-5818ea34 elementor-section-full_width elementor-section-content-middle elementor-section-stretched elementor-section-height-min-height elementor-section-items-bottom elementor-section-height-default elementor-invisible\" data-id=\"5818ea34\" data-element_type=\"section\" data-e-type=\"section\" data-settings=\"{&quot;background_background&quot;:&quot;classic&quot;,&quot;stretch_section&quot;:&quot;section-stretched&quot;,&quot;animation&quot;:&quot;fadeInDown&quot;}\">\n\t\t\t\t\t\t<div class=\"elementor-container elementor-column-gap-default\">\n\t\t\t\t\t<div class=\"elementor-column elementor-col-100 elementor-top-column elementor-element elementor-element-7f69f1e2\" data-id=\"7f69f1e2\" data-element_type=\"column\" data-e-type=\"column\">\n\t\t\t<div class=\"elementor-widget-wrap elementor-element-populated\">\n\t\t\t\t\t\t<div class=\"elementor-element elementor-element-3d6d78d6 elementor-invisible elementor-widget elementor-widget-heading\" data-id=\"3d6d78d6\" data-element_type=\"widget\" data-e-type=\"widget\" data-settings=\"{&quot;_animation&quot;:&quot;slideInDown&quot;}\" data-widget_type=\"heading.default\">\n\t\t\t\t<div class=\"elementor-widget-container\">\n\t\t\t\t\t<h1 class=\"elementor-heading-title elementor-size-large\">Recordando la enc\u00edclica \u00abDivini illius Magistri\u00bb\n<\/h1>\t\t\t\t<\/div>\n\t\t\t\t<\/div>\n\t\t\t\t<div class=\"elementor-element elementor-element-50b7a3d5 elementor-invisible elementor-widget elementor-widget-heading\" data-id=\"50b7a3d5\" data-element_type=\"widget\" data-e-type=\"widget\" data-settings=\"{&quot;_animation&quot;:&quot;slideInDown&quot;}\" data-widget_type=\"heading.default\">\n\t\t\t\t<div class=\"elementor-widget-container\">\n\t\t\t\t\t<h3 class=\"elementor-heading-title elementor-size-large\">Rvdo. D. Tom\u00e1s Minguet Civera, Pbro.<\/h3>\t\t\t\t<\/div>\n\t\t\t\t<\/div>\n\t\t\t\t\t<\/div>\n\t\t<\/div>\n\t\t\t\t\t<\/div>\n\t\t<\/section>\n\t\t\t\t<section class=\"elementor-section elementor-top-section elementor-element elementor-element-5af40587 elementor-section-boxed elementor-section-height-default elementor-section-height-default\" data-id=\"5af40587\" data-element_type=\"section\" data-e-type=\"section\">\n\t\t\t\t\t\t<div class=\"elementor-container elementor-column-gap-default\">\n\t\t\t\t\t<div class=\"elementor-column elementor-col-16 elementor-top-column elementor-element elementor-element-15e18e3b\" data-id=\"15e18e3b\" data-element_type=\"column\" data-e-type=\"column\">\n\t\t\t<div class=\"elementor-widget-wrap\">\n\t\t\t\t\t\t\t<\/div>\n\t\t<\/div>\n\t\t\t\t<div class=\"elementor-column elementor-col-66 elementor-top-column elementor-element elementor-element-296f21ad\" data-id=\"296f21ad\" data-element_type=\"column\" data-e-type=\"column\">\n\t\t\t<div class=\"elementor-widget-wrap elementor-element-populated\">\n\t\t\t\t\t\t<div class=\"elementor-element elementor-element-4e06be14 elementor-widget elementor-widget-image\" data-id=\"4e06be14\" data-element_type=\"widget\" data-e-type=\"widget\" data-widget_type=\"image.default\">\n\t\t\t\t<div class=\"elementor-widget-container\">\n\t\t\t\t\t\t\t\t\t\t\t\t<figure class=\"wp-caption\">\n\t\t\t\t\t\t\t\t\t\t<img fetchpriority=\"high\" decoding=\"async\" width=\"568\" height=\"374\" src=\"https:\/\/nscristiandad.es\/wp-content\/uploads\/2024\/01\/2.jpg\" class=\"attachment-medium_large size-medium_large wp-image-16196\" alt=\"\" srcset=\"https:\/\/nscristiandad.es\/wp-content\/uploads\/2024\/01\/2.jpg 568w, https:\/\/nscristiandad.es\/wp-content\/uploads\/2024\/01\/2-300x198.jpg 300w\" sizes=\"(max-width: 568px) 100vw, 568px\" \/>\t\t\t\t\t\t\t\t\t\t\t<figcaption class=\"widget-image-caption wp-caption-text\">Anthony van Dyck, 1620, Galer\u00eda nacional de Canad\u00e1, Ottawa<\/figcaption>\n\t\t\t\t\t\t\t\t\t\t<\/figure>\n\t\t\t\t\t\t\t\t\t<\/div>\n\t\t\t\t<\/div>\n\t\t\t\t<div class=\"elementor-element elementor-element-1a1ab15 elementor-widget elementor-widget-text-editor\" data-id=\"1a1ab15\" data-element_type=\"widget\" data-e-type=\"widget\" data-widget_type=\"text-editor.default\">\n\t\t\t\t<div class=\"elementor-widget-container\">\n\t\t\t\t\t\t\t\t\t<blockquote><p>\u00abDejad que los ni\u00f1os se acerquen a m\u00ed: no se lo impid\u00e1is, pues de los que son como ellos es el reino de Dios\u00bb. (Mc 10,14)<\/p><\/blockquote><p>\u00a0<\/p><blockquote><p>\u00abVosotros me llam\u00e1is \u201cel Maestro\u201d y \u201cel Se\u00f1or\u201d,\u00a0 y dec\u00eds bien, porque lo soy\u00bb. (Jn 13,13)<\/p><\/blockquote><p>\u00a0\u00a0\u00a0\u00a0\u00a0\u00a0\u00a0\u00a0\u00a0\u00a0\u00a0\u00a0\u00a0 El 31 de diciembre de 1929, en el octavo a\u00f1o de su pontificado, Su Santidad P\u00edo XI firm\u00f3 la enc\u00edclica <em>Divini illius Magistri<\/em> sobre la educaci\u00f3n cristiana de la juventud. Con este eminente documento, P\u00edo XI ofreci\u00f3 el magno servicio de exponer los principios supremos y perennes de la visi\u00f3n cat\u00f3lica de la educaci\u00f3n: qu\u00e9 es educar, cu\u00e1l es el lugar de la educaci\u00f3n en el conjunto de la vida y de la misi\u00f3n de la Iglesia, cu\u00e1l es su finalidad, cu\u00e1les las consecuencias coherentes de estos principios, cu\u00e1les son, por tanto, los errores que no deben ser tolerados en esta materia. Lo hizo a la vez que volv\u00eda a mostrar que la educaci\u00f3n no es una mera tarea anexa a la misi\u00f3n de la Iglesia, sino que se inscribe en las entra\u00f1as de la misma, como lo estuvieron en las de Nuestro Divino Maestro.<\/p><p>\u00a0\u00a0\u00a0\u00a0\u00a0\u00a0\u00a0\u00a0\u00a0\u00a0\u00a0\u00a0\u00a0 Como es propio del recto Magisterio eclesial, el Papa P\u00edo XI no trat\u00f3 de expresar ideas personales o pasajeras sobre el tema, sino que se atuvo a las fuentes y cauces propios del pensamiento y discernimiento cat\u00f3licos: la Revelaci\u00f3n Divina, el recto uso de la raz\u00f3n y de la filosof\u00eda perenne, as\u00ed como la multisecular experiencia educativa de la Madre Iglesia verificada en sus mejores hijos, los santos. Estas fuentes no desde\u00f1an, sino que purifican e integran lo que de verdad hay en los pensadores paganos, como recuerda el mismo Pont\u00edfice citando a San Pablo: \u00abProbadlo todo y quedaos con lo bueno\u00bb (1Tim 5,21).<\/p><p>\u00a0\u00a0\u00a0\u00a0\u00a0\u00a0\u00a0\u00a0\u00a0\u00a0\u00a0\u00a0\u00a0 Desde ah\u00ed, desde el sitio propio de la Iglesia, que no es otro que <em>la verdad de las cosas<\/em>, y con la autoridad que ha recibido de lo Alto, la <em>Divini illius Magistri <\/em>sigue brillando \u2013la Verdad nunca pasa de moda\u2013 como la gran s\u00edntesis de lo que significa educar en su sentido m\u00e1s pleno y verdadero, en su sentido cat\u00f3lico. Sigue siendo tambi\u00e9n una firme y clarividente denuncia de los errores que en esta materia se alzaban con fuerza en aquella \u00e9poca (hace un siglo) y que hoy, tristemente, se han extendido y asumido por doquier.<\/p><p>\u00a0\u00a0\u00a0\u00a0\u00a0\u00a0\u00a0\u00a0\u00a0\u00a0\u00a0\u00a0\u00a0 Por esta caracter\u00edstica fundamental, la presente enc\u00edclica, aunque tan olvidada y poco referenciada, tiene un lugar eminente en el Magisterio eclesial sobre la educaci\u00f3n. En efecto, aunque la Iglesia siempre ha estado atenta a la educaci\u00f3n, ni antes ni despu\u00e9s es f\u00e1cil encontrar lo que aporta esta enc\u00edclica: la visi\u00f3n de conjunto, ordenada, sabia, clara sobre la educaci\u00f3n cat\u00f3lica.\u00a0 As\u00ed, al recorrer sus p\u00e1ginas, el lector atento entiende la gravedad e importancia de la educaci\u00f3n, pues es el <em>lugar<\/em> donde confluyen la verdad y sentido de la historia con la naturaleza y destino del hombre; el lugar donde se hace carne la articulaci\u00f3n de lo natural y lo sobrenatural, de la gracia y la libertad, de la justicia y la misericordia, del bien temporal y del bien eterno; el lugar, finalmente, donde se encuentran las tres grandes sociedades en las que est\u00e1 llamada a desarrollarse cada persona: la Iglesia, el Estado y la Familia.<\/p><p>\u00a0\u00a0\u00a0\u00a0\u00a0\u00a0\u00a0\u00a0\u00a0\u00a0\u00a0\u00a0\u00a0 Volvamos, pues, a esta magna enc\u00edclica. Estudi\u00e9mosla. Aprendamos tambi\u00e9n desde ella a discernir, a ordenar, a ser verdaderamente cr\u00edticos con este mundo en el que estamos, pero al que no pertenecemos. Tal vez sea \u00e9sta una de las tareas m\u00e1s urgentes ante la multiplicidad de voces, teor\u00edas, posibilidades, experiencias, etc&#8230; que se arremolinan en torno al tema educativo. En este sentido, esta enc\u00edclica, por ser expresi\u00f3n aut\u00e9ntica de la Tradici\u00f3n, es luz puesta en lo m\u00e1s alto de la casa y no debe ser escondida debajo del celem\u00edn. Ella aporta esa luz que dan los grandes principios, la que da saber qu\u00e9 lugar ocupa cada cosa dentro de la totalidad. S\u00f3lo as\u00ed se discierne bien. S\u00f3lo as\u00ed la palabra se vuelve sabia y, a la postre, verdaderamente \u00fatil. S\u00f3lo as\u00ed se comprende el error, su naturaleza, su peligrosidad, su remedio.<\/p><p>\u00a0\u00a0\u00a0\u00a0\u00a0\u00a0\u00a0\u00a0\u00a0\u00a0\u00a0\u00a0\u00a0 No ser\u00e1, empero, tarea f\u00e1cil. Al leer estas p\u00e1ginas se percibe r\u00e1pidamente cu\u00e1nto se ha alejado la humanidad en general de los principios educativos cat\u00f3licos, es decir, verdaderos. Y tras los principios, de sus consecuencias pr\u00e1cticas: educaci\u00f3n sexual libertina, coeducaci\u00f3n indiscriminada, educaci\u00f3n laica, despotismo estatal, renuncia de la autoridad, naturalismo pedag\u00f3gico, olvido del pecado original y de la gracia&#8230; Son algunos temas que hoy son vistos como normales, incluso para los creyentes, y que la Tradici\u00f3n siempre ha visto aberrantes.<\/p><p>\u00a0\u00a0\u00a0\u00a0\u00a0\u00a0\u00a0\u00a0\u00a0\u00a0\u00a0\u00a0\u00a0 \u00a1Tanto nos hemos acostumbrado al modo de pensar y de hacer en materia educativa de este mundo! \u00a1Tanto el naturalismo y el liberalismo han infectado todos los \u00e1mbitos de la vida humana y la <em>forma mentis <\/em>de la mayor\u00eda! \u00a1Tanto se ha \u201cnormalizado\u201d un modo de entender al hombre y la vida y, por tanto, la educaci\u00f3n, totalmente ajenos a Dios! Hoy en el campo educativo, como en tantos otros, se verifican de nuevo las palabras del Ap\u00f3stol: \u00abPorque vendr\u00e1 un tiempo en que no soportar\u00e1n la sana doctrina, sino que se rodear\u00e1n de maestros a la medida de sus propios deseos y de lo que les gusta o\u00edr; y, apartando el o\u00eddo de la verdad, se volver\u00e1n a las f\u00e1bulas\u00bb (2Tim 4, 3-4).<\/p><p>\u00a0\u00a0\u00a0\u00a0\u00a0\u00a0\u00a0\u00a0\u00a0\u00a0\u00a0\u00a0\u00a0 Dejemos, pues, las f\u00e1bulas educativas y a los que nos han robado la educaci\u00f3n de la infancia. Renunciemos a ese extra\u00f1o \u201cs\u00edndrome de Estocolmo\u201d por el que incluso los creyentes hemos legitimado a quienes han secuestrado la educaci\u00f3n, haci\u00e9ndonos creer que es competencia exclusiva suya y que las cosas no pueden ser de otra manera. No juguemos a la ambig\u00fcedad y a la confusi\u00f3n de decir lo mismo que otros, pero con un mero barniz que \u201csuene\u201d a cristiano. Obedezcamos el mandato de Cristo y dejemos que los ni\u00f1os se acerquen a \u00c9l sin que nadie se lo impida. No hay que empezar de cero. Hay que volver a mirar hacia donde nunca debimos dejar de hacerlo: a la Luz de Dios, que es Amable, que es Hermosa, que es Buena.<\/p><p><a href=\"#_ftnref5\" name=\"_ftn5\"><\/a><\/p>\t\t\t\t\t\t\t\t<\/div>\n\t\t\t\t<\/div>\n\t\t\t\t\t<\/div>\n\t\t<\/div>\n\t\t\t\t<div class=\"elementor-column elementor-col-16 elementor-top-column elementor-element elementor-element-e8816c2\" data-id=\"e8816c2\" data-element_type=\"column\" data-e-type=\"column\">\n\t\t\t<div class=\"elementor-widget-wrap\">\n\t\t\t\t\t\t\t<\/div>\n\t\t<\/div>\n\t\t\t\t\t<\/div>\n\t\t<\/section>\n\t\t\t\t<section class=\"elementor-section elementor-top-section elementor-element elementor-element-5486d48e elementor-section-boxed elementor-section-height-default elementor-section-height-default\" data-id=\"5486d48e\" data-element_type=\"section\" data-e-type=\"section\">\n\t\t\t\t\t\t<div class=\"elementor-container elementor-column-gap-default\">\n\t\t\t\t\t<div class=\"elementor-column elementor-col-100 elementor-top-column elementor-element elementor-element-6dcd3fe5\" data-id=\"6dcd3fe5\" data-element_type=\"column\" data-e-type=\"column\">\n\t\t\t<div class=\"elementor-widget-wrap elementor-element-populated\">\n\t\t\t\t\t\t<div class=\"elementor-element elementor-element-3de1a7d6 elementor-widget elementor-widget-text-editor\" data-id=\"3de1a7d6\" data-element_type=\"widget\" data-e-type=\"widget\" data-widget_type=\"text-editor.default\">\n\t\t\t\t<div class=\"elementor-widget-container\">\n\t\t\t\t\t\t\t\t\t<p>PUBLICADO EN EL BOLET\u00cdN \u00abLAUDATE\u00bb N\u00ba28 &#8211; ENERO 2023<\/p>\t\t\t\t\t\t\t\t<\/div>\n\t\t\t\t<\/div>\n\t\t\t\t<div class=\"elementor-element elementor-element-11bb384f elementor-share-buttons--view-icon elementor-share-buttons--shape-circle elementor-share-buttons--skin-gradient elementor-grid-0 elementor-share-buttons--color-official elementor-widget elementor-widget-share-buttons\" data-id=\"11bb384f\" data-element_type=\"widget\" data-e-type=\"widget\" data-widget_type=\"share-buttons.default\">\n\t\t\t\t<div class=\"elementor-widget-container\">\n\t\t\t\t\t\t\t<div class=\"elementor-grid\" role=\"list\">\n\t\t\t\t\t\t\t\t<div class=\"elementor-grid-item\" role=\"listitem\">\n\t\t\t\t\t\t<div class=\"elementor-share-btn elementor-share-btn_facebook\" role=\"button\" tabindex=\"0\" aria-label=\"Partager sur facebook\">\n\t\t\t\t\t\t\t\t\t\t\t\t\t\t\t<span class=\"elementor-share-btn__icon\">\n\t\t\t\t\t\t\t\t<i class=\"fab fa-facebook\" aria-hidden=\"true\"><\/i>\t\t\t\t\t\t\t<\/span>\n\t\t\t\t\t\t\t\t\t\t\t\t\t\t\t\t\t\t\t\t<\/div>\n\t\t\t\t\t<\/div>\n\t\t\t\t\t\t\t\t\t<div class=\"elementor-grid-item\" role=\"listitem\">\n\t\t\t\t\t\t<div class=\"elementor-share-btn elementor-share-btn_twitter\" role=\"button\" tabindex=\"0\" aria-label=\"Partager sur twitter\">\n\t\t\t\t\t\t\t\t\t\t\t\t\t\t\t<span class=\"elementor-share-btn__icon\">\n\t\t\t\t\t\t\t\t<i class=\"fab fa-twitter\" aria-hidden=\"true\"><\/i>\t\t\t\t\t\t\t<\/span>\n\t\t\t\t\t\t\t\t\t\t\t\t\t\t\t\t\t\t\t\t<\/div>\n\t\t\t\t\t<\/div>\n\t\t\t\t\t\t\t\t\t<div class=\"elementor-grid-item\" role=\"listitem\">\n\t\t\t\t\t\t<div class=\"elementor-share-btn elementor-share-btn_telegram\" role=\"button\" tabindex=\"0\" aria-label=\"Partager sur telegram\">\n\t\t\t\t\t\t\t\t\t\t\t\t\t\t\t<span class=\"elementor-share-btn__icon\">\n\t\t\t\t\t\t\t\t<i class=\"fab fa-telegram\" aria-hidden=\"true\"><\/i>\t\t\t\t\t\t\t<\/span>\n\t\t\t\t\t\t\t\t\t\t\t\t\t\t\t\t\t\t\t\t<\/div>\n\t\t\t\t\t<\/div>\n\t\t\t\t\t\t\t\t\t<div class=\"elementor-grid-item\" role=\"listitem\">\n\t\t\t\t\t\t<div class=\"elementor-share-btn elementor-share-btn_whatsapp\" role=\"button\" tabindex=\"0\" aria-label=\"Partager sur whatsapp\">\n\t\t\t\t\t\t\t\t\t\t\t\t\t\t\t<span class=\"elementor-share-btn__icon\">\n\t\t\t\t\t\t\t\t<i class=\"fab fa-whatsapp\" aria-hidden=\"true\"><\/i>\t\t\t\t\t\t\t<\/span>\n\t\t\t\t\t\t\t\t\t\t\t\t\t\t\t\t\t\t\t\t<\/div>\n\t\t\t\t\t<\/div>\n\t\t\t\t\t\t\t\t\t<div class=\"elementor-grid-item\" role=\"listitem\">\n\t\t\t\t\t\t<div class=\"elementor-share-btn elementor-share-btn_email\" role=\"button\" tabindex=\"0\" aria-label=\"Partager sur email\">\n\t\t\t\t\t\t\t\t\t\t\t\t\t\t\t<span class=\"elementor-share-btn__icon\">\n\t\t\t\t\t\t\t\t<i class=\"fas fa-envelope\" aria-hidden=\"true\"><\/i>\t\t\t\t\t\t\t<\/span>\n\t\t\t\t\t\t\t\t\t\t\t\t\t\t\t\t\t\t\t\t<\/div>\n\t\t\t\t\t<\/div>\n\t\t\t\t\t\t<\/div>\n\t\t\t\t\t\t<\/div>\n\t\t\t\t<\/div>\n\t\t\t\t\t<\/div>\n\t\t<\/div>\n\t\t\t\t\t<\/div>\n\t\t<\/section>\n\t\t\t\t<\/div>\n\t\t","protected":false},"excerpt":{"rendered":"<p>Recordando la enc\u00edclica \u00abDivini illius Magistri\u00bb Rvdo. D. Tom\u00e1s Minguet Civera, Pbro. Anthony van Dyck, 1620, Galer\u00eda nacional de Canad\u00e1, Ottawa \u00abDejad que los ni\u00f1os se acerquen a m\u00ed: no se lo impid\u00e1is, pues de los que son como ellos es el reino de Dios\u00bb. (Mc 10,14) \u00a0 \u00abVosotros me llam\u00e1is \u201cel Maestro\u201d y \u201cel [&hellip;]<\/p>\n","protected":false},"author":3,"featured_media":16196,"comment_status":"closed","ping_status":"open","sticky":false,"template":"","format":"standard","meta":{"site-sidebar-layout":"default","site-content-layout":"","ast-site-content-layout":"default","site-content-style":"default","site-sidebar-style":"default","ast-global-header-display":"","ast-banner-title-visibility":"","ast-main-header-display":"","ast-hfb-above-header-display":"","ast-hfb-below-header-display":"","ast-hfb-mobile-header-display":"","site-post-title":"","ast-breadcrumbs-content":"","ast-featured-img":"","footer-sml-layout":"","ast-disable-related-posts":"","theme-transparent-header-meta":"","adv-header-id-meta":"","stick-header-meta":"","header-above-stick-meta":"","header-main-stick-meta":"","header-below-stick-meta":"","astra-migrate-meta-layouts":"set","ast-page-background-enabled":"default","ast-page-background-meta":{"desktop":{"background-color":"","background-image":"","background-repeat":"repeat","background-position":"center center","background-size":"auto","background-attachment":"scroll","background-type":"","background-media":"","overlay-type":"","overlay-color":"","overlay-opacity":"","overlay-gradient":""},"tablet":{"background-color":"","background-image":"","background-repeat":"repeat","background-position":"center center","background-size":"auto","background-attachment":"scroll","background-type":"","background-media":"","overlay-type":"","overlay-color":"","overlay-opacity":"","overlay-gradient":""},"mobile":{"background-color":"","background-image":"","background-repeat":"repeat","background-position":"center center","background-size":"auto","background-attachment":"scroll","background-type":"","background-media":"","overlay-type":"","overlay-color":"","overlay-opacity":"","overlay-gradient":""}},"ast-content-background-meta":{"desktop":{"background-color":"var(--ast-global-color-5)","background-image":"","background-repeat":"repeat","background-position":"center center","background-size":"auto","background-attachment":"scroll","background-type":"","background-media":"","overlay-type":"","overlay-color":"","overlay-opacity":"","overlay-gradient":""},"tablet":{"background-color":"var(--ast-global-color-5)","background-image":"","background-repeat":"repeat","background-position":"center center","background-size":"auto","background-attachment":"scroll","background-type":"","background-media":"","overlay-type":"","overlay-color":"","overlay-opacity":"","overlay-gradient":""},"mobile":{"background-color":"var(--ast-global-color-5)","background-image":"","background-repeat":"repeat","background-position":"center center","background-size":"auto","background-attachment":"scroll","background-type":"","background-media":"","overlay-type":"","overlay-color":"","overlay-opacity":"","overlay-gradient":""}},"footnotes":""},"categories":[55],"tags":[],"class_list":["post-16194","post","type-post","status-publish","format-standard","has-post-thumbnail","hentry","category-boletin"],"_links":{"self":[{"href":"https:\/\/nscristiandad.es\/fr\/wp-json\/wp\/v2\/posts\/16194","targetHints":{"allow":["GET"]}}],"collection":[{"href":"https:\/\/nscristiandad.es\/fr\/wp-json\/wp\/v2\/posts"}],"about":[{"href":"https:\/\/nscristiandad.es\/fr\/wp-json\/wp\/v2\/types\/post"}],"author":[{"embeddable":true,"href":"https:\/\/nscristiandad.es\/fr\/wp-json\/wp\/v2\/users\/3"}],"replies":[{"embeddable":true,"href":"https:\/\/nscristiandad.es\/fr\/wp-json\/wp\/v2\/comments?post=16194"}],"version-history":[{"count":0,"href":"https:\/\/nscristiandad.es\/fr\/wp-json\/wp\/v2\/posts\/16194\/revisions"}],"wp:featuredmedia":[{"embeddable":true,"href":"https:\/\/nscristiandad.es\/fr\/wp-json\/wp\/v2\/media\/16196"}],"wp:attachment":[{"href":"https:\/\/nscristiandad.es\/fr\/wp-json\/wp\/v2\/media?parent=16194"}],"wp:term":[{"taxonomy":"category","embeddable":true,"href":"https:\/\/nscristiandad.es\/fr\/wp-json\/wp\/v2\/categories?post=16194"},{"taxonomy":"post_tag","embeddable":true,"href":"https:\/\/nscristiandad.es\/fr\/wp-json\/wp\/v2\/tags?post=16194"}],"curies":[{"name":"wp","href":"https:\/\/api.w.org\/{rel}","templated":true}]}}