{"id":16901,"date":"2024-03-14T23:47:11","date_gmt":"2024-03-14T22:47:11","guid":{"rendered":"https:\/\/nscristiandad.es\/?p=16901"},"modified":"2025-03-24T16:46:26","modified_gmt":"2025-03-24T15:46:26","slug":"como-sabemos-que-hay-dios","status":"publish","type":"post","link":"https:\/\/nscristiandad.es\/fr\/como-sabemos-que-hay-dios\/","title":{"rendered":"\u00bfC\u00f3mo sabemos que hay Dios?"},"content":{"rendered":"\t\t<div data-elementor-type=\"wp-post\" data-elementor-id=\"16901\" class=\"elementor elementor-16901\" data-elementor-post-type=\"post\">\n\t\t\t\t\t\t<section class=\"elementor-section elementor-top-section elementor-element elementor-element-67c0ab8 elementor-section-full_width elementor-section-content-middle elementor-section-stretched elementor-section-height-min-height elementor-section-items-bottom elementor-section-height-default elementor-invisible\" data-id=\"67c0ab8\" data-element_type=\"section\" data-e-type=\"section\" data-settings=\"{&quot;background_background&quot;:&quot;classic&quot;,&quot;stretch_section&quot;:&quot;section-stretched&quot;,&quot;animation&quot;:&quot;fadeInDown&quot;}\">\n\t\t\t\t\t\t<div class=\"elementor-container elementor-column-gap-default\">\n\t\t\t\t\t<div class=\"elementor-column elementor-col-100 elementor-top-column elementor-element elementor-element-fbc71d8\" data-id=\"fbc71d8\" data-element_type=\"column\" data-e-type=\"column\">\n\t\t\t<div class=\"elementor-widget-wrap elementor-element-populated\">\n\t\t\t\t\t\t<div class=\"elementor-element elementor-element-1206151 elementor-invisible elementor-widget elementor-widget-heading\" data-id=\"1206151\" data-element_type=\"widget\" data-e-type=\"widget\" data-settings=\"{&quot;_animation&quot;:&quot;slideInDown&quot;}\" data-widget_type=\"heading.default\">\n\t\t\t\t<div class=\"elementor-widget-container\">\n\t\t\t\t\t<h1 class=\"elementor-heading-title elementor-size-large\">\u00bfC\u00f3mo sabemos que hay Dios?<\/h1>\t\t\t\t<\/div>\n\t\t\t\t<\/div>\n\t\t\t\t<div class=\"elementor-element elementor-element-88fcd2c elementor-invisible elementor-widget elementor-widget-heading\" data-id=\"88fcd2c\" data-element_type=\"widget\" data-e-type=\"widget\" data-settings=\"{&quot;_animation&quot;:&quot;slideInDown&quot;}\" data-widget_type=\"heading.default\">\n\t\t\t\t<div class=\"elementor-widget-container\">\n\t\t\t\t\t<h3 class=\"elementor-heading-title elementor-size-large\">V\u00edctor Asensi Ortega, Universidad de Valencia<\/h3>\t\t\t\t<\/div>\n\t\t\t\t<\/div>\n\t\t\t\t\t<\/div>\n\t\t<\/div>\n\t\t\t\t\t<\/div>\n\t\t<\/section>\n\t\t\t\t<section class=\"elementor-section elementor-top-section elementor-element elementor-element-70e153c elementor-section-boxed elementor-section-height-default elementor-section-height-default\" data-id=\"70e153c\" data-element_type=\"section\" data-e-type=\"section\">\n\t\t\t\t\t\t<div class=\"elementor-container elementor-column-gap-default\">\n\t\t\t\t\t<div class=\"elementor-column elementor-col-16 elementor-top-column elementor-element elementor-element-826cfbd\" data-id=\"826cfbd\" data-element_type=\"column\" data-e-type=\"column\">\n\t\t\t<div class=\"elementor-widget-wrap\">\n\t\t\t\t\t\t\t<\/div>\n\t\t<\/div>\n\t\t\t\t<div class=\"elementor-column elementor-col-66 elementor-top-column elementor-element elementor-element-1aa647d\" data-id=\"1aa647d\" data-element_type=\"column\" data-e-type=\"column\">\n\t\t\t<div class=\"elementor-widget-wrap elementor-element-populated\">\n\t\t\t\t\t\t<div class=\"elementor-element elementor-element-ea9a58e elementor-widget elementor-widget-image\" data-id=\"ea9a58e\" data-element_type=\"widget\" data-e-type=\"widget\" data-widget_type=\"image.default\">\n\t\t\t\t<div class=\"elementor-widget-container\">\n\t\t\t\t\t\t\t\t\t\t\t\t<figure class=\"wp-caption\">\n\t\t\t\t\t\t\t\t\t\t<img fetchpriority=\"high\" decoding=\"async\" width=\"738\" height=\"719\" src=\"https:\/\/nscristiandad.es\/wp-content\/uploads\/2024\/03\/3.jpg\" class=\"attachment-medium_large size-medium_large wp-image-16903\" alt=\"\" srcset=\"https:\/\/nscristiandad.es\/wp-content\/uploads\/2024\/03\/3.jpg 738w, https:\/\/nscristiandad.es\/wp-content\/uploads\/2024\/03\/3-300x292.jpg 300w\" sizes=\"(max-width: 738px) 100vw, 738px\" \/>\t\t\t\t\t\t\t\t\t\t\t<figcaption class=\"widget-image-caption wp-caption-text\">\u201cPilares de la Creaci\u00f3n\u201d, unas nubes de gas fotografiadas por el telescopio Hubble en la Nebulosa del \u00c1guila, a 6500 a\u00f1os luz. Remasterizaci\u00f3n de hubblesite.org.<\/figcaption>\n\t\t\t\t\t\t\t\t\t\t<\/figure>\n\t\t\t\t\t\t\t\t\t<\/div>\n\t\t\t\t<\/div>\n\t\t\t\t<div class=\"elementor-element elementor-element-edd2963 elementor-widget elementor-widget-text-editor\" data-id=\"edd2963\" data-element_type=\"widget\" data-e-type=\"widget\" data-widget_type=\"text-editor.default\">\n\t\t\t\t<div class=\"elementor-widget-container\">\n\t\t\t\t\t\t\t\t\t<p><em>Sabemos que hay Dios porque la raz\u00f3n lo demuestra y la fe lo confirma<\/em>. Lo que m\u00e1s me sorprende de la 23\u00aa pregunta del catecismo de San P\u00edo X es el orden en el que enuncia la respuesta. No dice \u00abla fe lo muestra y la raz\u00f3n no lo repudia\u00bb, sino \u00abla raz\u00f3n lo demuestra y la fe lo confirma\u00bb. El catecismo afirma que para sostener el te\u00edsmo (la idea de que hay Dios o \u00abque Dios existe\u00bb, como suele decirse ahora) no hace falta el dato revelado, sino que basta la simple raz\u00f3n.<\/p><p>Aunque todas las verdades de fe son razonables, no creemos en ellas porque la raz\u00f3n las demuestre. Pero eso no quita que ciertas verdades contenidas en la Fe sean accesibles tambi\u00e9n por la raz\u00f3n, incluso en materia moral. El ejemplo por antonomasia ser\u00edan los mandamientos. Propiamente son de ley natural, y por tanto accesibles a la raz\u00f3n, pero la revelaci\u00f3n de Dios los recoge, confirma, consagra y eleva<a href=\"#_ftn1\" name=\"_ftnref1\"><sup>[1]<\/sup><\/a>. Del mismo modo, la existencia de un Ser Superior que tiene las cualidades de Dios \u2014o <em>te\u00edsmo\u2014 <\/em>no es un dato al que se llegue exclusivamente desde la fe sino que, como los mandamientos, la raz\u00f3n lo demuestra y la fe lo confirma.<\/p><p>La sentencia usa adem\u00e1s el verbo<em> demostrar. <\/em>Los argumentos filos\u00f3ficos como las cinco v\u00edas con las que Santo Tom\u00e1s abre la Suma no pretenden mostrar que la existencia de Dios sea m\u00e1s probable que su inexistencia, sino que pretenden demostrarla con certeza objetiva. Quiz\u00e1 las cinco v\u00edas sean las m\u00e1s famosas, pero hay muchos m\u00e1s argumentos filos\u00f3ficos a favor del te\u00edsmo. Y es que nuestra actual civilizaci\u00f3n ilustrada, probablemente la primera atea de la historia, se enfrenta sola a la pr\u00e1ctica totalidad de culturas que, pese a discrepar ampliamente sobre Dios y su relaci\u00f3n con el hombre, daban por sentado el te\u00edsmo.<\/p><p>Pero este pujante ate\u00edsmo no nace en nuestra \u00e9poca por haber rebatido filos\u00f3ficamente a Dios. El asesino es otro. Desde los primeros ilustrados hasta los actuales postmodernos (pasando por nihilistas, positivistas\u2026) todos parecen estar de acuerdo: la ciencia mat\u00f3 a Dios. En el imaginario colectivo \u00abDios\u00bb evoca una creencia sin fundamento que, en el mejor de los casos, aspira a \u00abcubrir los vac\u00edos\u00bb que deja la ciencia. Los creyentes colocan a Dios donde la ciencia no llega. Es lo que se conoce como \u00abel dios de los vac\u00edos\u00bb.<\/p><p>Por ejemplo, para esta teor\u00eda, cuando el hombre pre-ilustrado no sab\u00eda qu\u00e9 hab\u00eda creado el universo, zanjaba el asunto creyendo que lo hab\u00eda creado Dios. Pero cuando la ciencia explic\u00f3 el origen del universo, dej\u00f3 de tener sentido poner ah\u00ed a Dios.\u00a0 Y esta jugada, piensan, se repetir\u00e1 hasta que Dios quede completamente desterrado de la explicaci\u00f3n racional. El ejemplo no est\u00e1 elegido al azar. La explicaci\u00f3n cient\u00edfica del origen del universo (normalmente el <em>Big Bang<\/em>) se contrapone constantemente a la creaci\u00f3n divina del universo. Quiz\u00e1 solo rivalice en insistencia con la evoluci\u00f3n y la creaci\u00f3n divina del hombre.<\/p><p>Por otro lado, los argumentos filos\u00f3ficos te\u00edstas siguen un esquema diferente. Parten de premisas que suelen ser observaciones de la naturaleza, y a partir de ellas, infieren por l\u00f3gica la existencia de un ser que, por sus atributos, identificamos con Dios. El m\u00e9todo cient\u00edfico, dise\u00f1ado para estudiar la materia, no puede probar la secuencia l\u00f3gica ni la conclusi\u00f3n final. Esto es lo que genera que los cientifistas rechacen el argumento filos\u00f3fico y por lo que piensan que la explicaci\u00f3n emp\u00edrica hace la filos\u00f3fica prescindible. En realidad, lejos de la confrontaci\u00f3n, la ciencia puede reforzar y verificar las observaciones de las que parten estos argumentos y darles m\u00e1s robustez.<\/p><p>Tomemos como ejemplo uno de los argumentos m\u00e1s afamados, el argumento llamado<em> cosmol\u00f3gico kalam <\/em>(por provenir de la escol\u00e1stica isl\u00e1mica) que encuentra su formulaci\u00f3n moderna en el silogismo propuesto por William Lane Craig<a href=\"#_ftn2\" name=\"_ftnref2\"><sup>[2]<\/sup><\/a><em>: <\/em><\/p><ol><li>Todo lo que comienza a existir tiene una causa.<\/li><li>El universo comenz\u00f3 a existir.<\/li><li>Luego, el universo tiene una causa.<\/li><\/ol><p>Por el desarrollo ontol\u00f3gico de esta causa, Craig a\u00f1ade que \u00absi el universo tiene una causa, entonces un Creador personal incausado del universo existe que, <em>sans <\/em>el universo, es carente de comienzo, inmutable, inmaterial, atemporal, a-espacial, y enormemente poderoso\u00bb. Es decir, Dios.<\/p><p>La clave del silogismo est\u00e1 en si el universo comenz\u00f3 a existir. En filosof\u00eda esta proposici\u00f3n ha sido ampliamente debatida. Se dice que Arist\u00f3teles pensaba que era eterno, y en la Suma Santo Tom\u00e1s afirma que el comienzo de la existencia del universo lo sabemos s\u00f3lo por la fe, que de otro modo es indemostrable, y que se debe tener esto presente para que nadie \u00abpresumiendo de poder demostrar las cosas que son de fe, presente argumentos no necesarios y que provoquen risa en los no creyentes, pues podr\u00edan pensar que son razones por las que nosotros aceptamos las cosas que son de fe\u00bb<a href=\"#_ftn3\" name=\"_ftnref3\"><sup>[3]<\/sup><\/a>.<\/p><p>A principios del siglo XX, cuando los cient\u00edficos no se persuad\u00edan con el dato revelado de que el universo hab\u00eda comenzado a existir, la opini\u00f3n generalizada era que el universo era eterno y est\u00e1tico. Esto es, el universo era incausado y por tanto no ten\u00eda necesidad de creador. Tal era el dogmatismo con el que se aferraban a esta idea, que cuando la relatividad general revolucion\u00f3 la cosmolog\u00eda, el propio Einstein a\u00f1adi\u00f3 una \u00abconstante cosmol\u00f3gica\u00bb (\u039b) que compensaba sus ecuaciones para mantener el universo est\u00e1tico<a href=\"#_ftn4\" name=\"_ftnref4\"><sup>[4]<\/sup><\/a>.<\/p><p>Ya entonces se sospechaba que el universo no era est\u00e1tico. La luz que nos llega de las galaxias se desplaza del azul al rojo (corrimiento al rojo) y se sospechaba que fuera por el efecto Doppler. El efecto Doppler es el cambio de frecuencia de onda aparente por el movimiento relativo de la fuente respecto al observador. Es decir, que si la luz de las galaxias se desplazaba al rojo, quer\u00eda decir que se alejaban de la Tierra. Hoy sabemos que efectivamente as\u00ed es como ocurre.<\/p><p>En 1927 el astrof\u00edsico y sacerdote jesuita Georges Lema\u00eetre propuso que el corrimiento al rojo se deb\u00eda a la expansi\u00f3n del universo y resolvi\u00f3 las ecuaciones de la relatividad general de forma acorde (\u039b=0). Se dice que ese mismo a\u00f1o, cuando le present\u00f3 su trabajo a Einstein, \u00e9ste le dijo que \u00absus c\u00e1lculos eran correctos pero su f\u00edsica era atroz\u00bb. No son pocos los que dicen que los cient\u00edficos de la \u00e9poca eran reacios a la teor\u00eda de Lema\u00eetre porque ven\u00eda de parte de un sacerdote cat\u00f3lico, que estaba \u00abinteresado\u00bb en que el universo no fuera eterno.<\/p><p>No obstante, cuando en 1929 Hubble observ\u00f3 las distancias predichas por Lema\u00eetre descubriendo la \u00abley de Hubble\u00bb o \u00abde Hubble-Lema\u00eetre\u00bb las evidencias obligaron a Einstein y la comunidad cient\u00edfica a retirar la constante cosmol\u00f3gica y aceptar que el universo se expand\u00eda<a href=\"#_ftn5\" name=\"_ftnref5\"><sup>[5]<\/sup><\/a>. Pero no conforme con eso, Lema\u00eetre iba m\u00e1s all\u00e1 y propuso que toda la expansi\u00f3n pod\u00eda revertirse hasta un \u00fanico \u00abcuanto primigenio\u00bb que marcar\u00eda el comienzo del universo, antes del cual \u00ablas nociones de espacio y tiempo carecer\u00edan de significado\u00bb. O en otras palabras, que el universo comenz\u00f3 a existir en un momento preciso<a href=\"#_ftn6\" name=\"_ftnref6\"><sup>[6]<\/sup><\/a>.<\/p><p>Las cr\u00edticas al trabajo de Lema\u00eetre no cesaban. Incluso en el art\u00edculo en el que Lema\u00eetre expone su teor\u00eda, cita que Arthur Eddington calificaba la idea de que el universo comenzara a existir como \u00abfilos\u00f3ficamente repulsiva\u00bb. A\u00fan m\u00e1s, la teor\u00eda de Lema\u00eetre no se conoce como \u00abla del cuanto primigenio\u00bb sino \u00abla del <em>Big Bang<\/em>\u00bb \u2013 el t\u00e9rmino peyorativo con el que se refiri\u00f3 a ella Fred Hoyle, art\u00edfice y firme defensor del modelo estacionario del universo. Aun con todo, las pruebas a favor de Lema\u00eetre fueron acumul\u00e1ndose hasta que por fin, con Lema\u00eetre a\u00fan vivo en los sesenta, el descubrimiento y estudio de la radiaci\u00f3n de fondo c\u00f3smico confirm\u00f3 definitivamente que el universo comenz\u00f3 a existir hace unos 13.787 millones de a\u00f1os, m\u00e1s menos 20 millones<a href=\"#_ftn7\" name=\"_ftnref7\"><sup>[7]<\/sup><\/a><em>. <\/em><\/p><p>\u00bfSignifica esto que el<em> Big Bang <\/em>demuestra la existencia de Dios? No. Lo que s\u00ed demuestra es que el universo comenz\u00f3 a existir. Este dato, que Santo Tom\u00e1s consider\u00f3 indemostrable por deducci\u00f3n l\u00f3gica, es demostrable por el m\u00e9todo cient\u00edfico. El argumento kalam es un buen ejemplo de c\u00f3mo la ciencia puede encajar y robustecer razonamientos filos\u00f3ficos. El m\u00e9todo cient\u00edfico, la mejor manera de obtener conocimiento sobre el mundo material, es extremadamente \u00fatil validando o falseando premisas desde la que pueden partir razonamientos filos\u00f3ficos como el argumento kalam.<\/p><p>Estrictamente, lo que hoy llamamos ciencia, el estudio de la parte medible de la realidad, es hija de la filosof\u00eda. Newton lo resume en el t\u00edtulo de su opus magna:<em> Principios matem\u00e1ticos de la filosof\u00eda natural. <\/em>Y aunque puedan intentar diluirlas al m\u00e1ximo, la ciencia asume necesariamente verdades filos\u00f3ficas como el esencialismo o que el hombre puede conocer verazmente el universo. Ciencia y filosof\u00eda son dos caras de la misma moneda: la b\u00fasqueda del hombre de la verdad. Y aunque el hombre puede llegar muy lejos buscando por su cuenta la verdad, la Fe se encuentra en otro orden de verdad, el de la verdad revelada. En este sentido, Lema\u00eetre dir\u00e1<a href=\"#_ftn8\" name=\"_ftnref8\"><sup>[8]<\/sup><\/a><em>:<\/em><\/p><p><em>\u00bfNecesita la Iglesia a la ciencia? Ciertamente no, la Cruz y el Evangelio le bastan. Pero nada humano es ajeno al cristiano. \u00bfC\u00f3mo podr\u00eda la Iglesia no interesarse en la ocupaci\u00f3n m\u00e1s noble y estrictamente humana: la b\u00fasqueda de la verdad?<\/em><\/p><p>Porque s\u00ed, argumentos como el kalam demuestran que hay un Dios, \u00bfpero qu\u00e9 Dios es ese? El dios del te\u00edsmo es un dios que entristecer\u00eda profundamente a cualquiera. No es un dios al que puedas rezar porque no es un dios que escuche ni que se preocupe por ti. El propio argumento kalam implica tambi\u00e9n que Dios no tiene por qu\u00e9 crear el universo. Siendo inmaterial, eterno e incausado, no lo necesita. Si lo ha creado, es porque quiere.<\/p><p>\u00bfY por qu\u00e9 querr\u00eda? Ah\u00ed entra la Revelaci\u00f3n. Dios, nuestro Dios Uno y Trino, no es simplemente la causa incausada o el motor inm\u00f3vil. Es el Padre Creador pero tambi\u00e9n el Hijo Redentor. Dios no nos ha creado y dejado solos, sino que se ha revelado hasta al punto de hacerse carne en Jesucristo y redimirnos. Dios nos ha dejado su Esp\u00edritu Santo Par\u00e1clito que a\u00fan hoy anima su Iglesia.<\/p><p>De entre toda la Revelaci\u00f3n que custodia y administra la Iglesia, una peque\u00f1a porci\u00f3n dentro de la parte que corresponde a las verdades reveladas, a veces nos revela datos sobre el mundo material: por ejemplo, que en el principio no hab\u00eda nada y Dios hizo el d\u00eda y la noche \u2014que el universo tiene un comienzo estricto. Y s\u00ed, aunque ese dato lo ha sabido por fe cualquier cristiano anterior a Lema\u00eetre, desde \u00e9l podemos decir tambi\u00e9n de ese dato que lo demuestra la raz\u00f3n y la fe confirma.<\/p><p>Pero Dios no ha venido a la Tierra a decirnos eso. Ni siquiera ha venido a decirnos que existe. Y reducir la Iglesia a una colecci\u00f3n de datos sobre el mundo material, incluido el dato de la existencia de Dios, es vicio t\u00edpico del debate entre ciencia y Fe y de aquellos que piensan que Dios nos dej\u00f3<em> solo escrituras. <\/em>Que hay Dios est\u00e1 sobradamente demostrado. Para saberlo no hace falta Iglesia ni Revelaci\u00f3n, \u00bfqu\u00e9 clase de dios se manifestar\u00eda al hombre solo para decirle que existe? No, nuestro Dios ha estado grande con su pueblo. La Iglesia es mucho m\u00e1s que eso. La Fe es mucho m\u00e1s que saber que Dios existe.<\/p><p><a href=\"#_ftnref1\" name=\"_ftn1\"><sup>[1]<\/sup><\/a>\u2002La Ley antigua constituye la primera etapa de la Ley revelada. Expresa muchas verdades naturalmente accesibles a la raz\u00f3n, que se encuentran afirmadas y convalidadas en las Alianzas de la salvaci\u00f3n. Sus prescripciones morales, recogidas en los Mandamientos del Dec\u00e1logo, ponen la base de la vocaci\u00f3n del hombre, proh\u00edben lo que es contrario al amor de Dios y del pr\u00f3jimo e indican lo que les es esencial. (Compendio del Catecismo, 418).<\/p><p><a href=\"#_ftnref2\" name=\"_ftn2\"><sup>[2]<\/sup><\/a>\u2002Craig, William Lane; Moreland, J. P. (2009). The Blackwell Companion to Natural Theology. John Wiley and Sons. ISBN 978-1-4051-7657-6.<\/p><p><a href=\"#_ftnref3\" name=\"_ftn3\"><sup>[3]<\/sup><\/a>\u2002Ia, q. 46, a. 2, r.<\/p><p><a href=\"#_ftnref4\" name=\"_ftn4\"><sup>[4]<\/sup><\/a>\u2002El art\u00edculo original de Einstein est\u00e1 disponible aqu\u00ed.<\/p><p><a href=\"#_ftnref5\" name=\"_ftn5\"><sup>[5]<\/sup><\/a>5\u2002El art\u00edculo original de Hubble est\u00e1 disponible aqu\u00ed.<\/p><p><a href=\"#_ftnref6\" name=\"_ftn6\"><sup>[6]<\/sup><\/a>\u2002Lema\u00eetre, G. The Beginning of the World from the Point of View of Quantum Theory. Nature 127, 706 (1931). Ver aqu\u00ed.<\/p><p><a href=\"#_ftnref7\" name=\"_ftn7\"><sup>[7]<\/sup><\/a>\u2002No confundir la radiaci\u00f3n c\u00f3smica de fondo con la radiaci\u00f3n de fondo de microondas. M\u00e1s sobre la dataci\u00f3n del univero aqu\u00ed.<\/p><p><a href=\"#_ftnref8\" name=\"_ftn8\"><sup>[8]<\/sup><\/a>\u2002Citado por Juan Pablo II en la academia pontifica de las ciencias, disponible aqu\u00ed.<\/p><p>\u00a0<\/p>\t\t\t\t\t\t\t\t<\/div>\n\t\t\t\t<\/div>\n\t\t\t\t\t<\/div>\n\t\t<\/div>\n\t\t\t\t<div class=\"elementor-column elementor-col-16 elementor-top-column elementor-element elementor-element-1ab0d63\" data-id=\"1ab0d63\" data-element_type=\"column\" data-e-type=\"column\">\n\t\t\t<div class=\"elementor-widget-wrap\">\n\t\t\t\t\t\t\t<\/div>\n\t\t<\/div>\n\t\t\t\t\t<\/div>\n\t\t<\/section>\n\t\t\t\t<section class=\"elementor-section elementor-top-section elementor-element elementor-element-6ad28dc elementor-section-boxed elementor-section-height-default elementor-section-height-default\" data-id=\"6ad28dc\" data-element_type=\"section\" data-e-type=\"section\">\n\t\t\t\t\t\t<div class=\"elementor-container elementor-column-gap-default\">\n\t\t\t\t\t<div class=\"elementor-column elementor-col-100 elementor-top-column elementor-element elementor-element-7f966d0\" data-id=\"7f966d0\" data-element_type=\"column\" data-e-type=\"column\">\n\t\t\t<div class=\"elementor-widget-wrap elementor-element-populated\">\n\t\t\t\t\t\t<div class=\"elementor-element elementor-element-9e4c391 elementor-widget elementor-widget-text-editor\" data-id=\"9e4c391\" data-element_type=\"widget\" data-e-type=\"widget\" data-widget_type=\"text-editor.default\">\n\t\t\t\t<div class=\"elementor-widget-container\">\n\t\t\t\t\t\t\t\t\t<p>PUBLICADO EN EL BOLET\u00cdN \u00abLAUDATE\u00bb N\u00ba30 &#8211; MARZO 2024<\/p>\t\t\t\t\t\t\t\t<\/div>\n\t\t\t\t<\/div>\n\t\t\t\t<div class=\"elementor-element elementor-element-d3ccbe6 elementor-share-buttons--view-icon elementor-share-buttons--shape-circle elementor-share-buttons--skin-gradient elementor-grid-0 elementor-share-buttons--color-official elementor-widget elementor-widget-share-buttons\" data-id=\"d3ccbe6\" data-element_type=\"widget\" data-e-type=\"widget\" data-widget_type=\"share-buttons.default\">\n\t\t\t\t<div class=\"elementor-widget-container\">\n\t\t\t\t\t\t\t<div class=\"elementor-grid\" role=\"list\">\n\t\t\t\t\t\t\t\t<div class=\"elementor-grid-item\" role=\"listitem\">\n\t\t\t\t\t\t<div class=\"elementor-share-btn elementor-share-btn_facebook\" role=\"button\" tabindex=\"0\" aria-label=\"Partager sur facebook\">\n\t\t\t\t\t\t\t\t\t\t\t\t\t\t\t<span class=\"elementor-share-btn__icon\">\n\t\t\t\t\t\t\t\t<i class=\"fab fa-facebook\" aria-hidden=\"true\"><\/i>\t\t\t\t\t\t\t<\/span>\n\t\t\t\t\t\t\t\t\t\t\t\t\t\t\t\t\t\t\t\t<\/div>\n\t\t\t\t\t<\/div>\n\t\t\t\t\t\t\t\t\t<div class=\"elementor-grid-item\" role=\"listitem\">\n\t\t\t\t\t\t<div class=\"elementor-share-btn elementor-share-btn_twitter\" role=\"button\" tabindex=\"0\" aria-label=\"Partager sur twitter\">\n\t\t\t\t\t\t\t\t\t\t\t\t\t\t\t<span class=\"elementor-share-btn__icon\">\n\t\t\t\t\t\t\t\t<i class=\"fab fa-twitter\" aria-hidden=\"true\"><\/i>\t\t\t\t\t\t\t<\/span>\n\t\t\t\t\t\t\t\t\t\t\t\t\t\t\t\t\t\t\t\t<\/div>\n\t\t\t\t\t<\/div>\n\t\t\t\t\t\t\t\t\t<div class=\"elementor-grid-item\" role=\"listitem\">\n\t\t\t\t\t\t<div class=\"elementor-share-btn elementor-share-btn_telegram\" role=\"button\" tabindex=\"0\" aria-label=\"Partager sur telegram\">\n\t\t\t\t\t\t\t\t\t\t\t\t\t\t\t<span class=\"elementor-share-btn__icon\">\n\t\t\t\t\t\t\t\t<i class=\"fab fa-telegram\" aria-hidden=\"true\"><\/i>\t\t\t\t\t\t\t<\/span>\n\t\t\t\t\t\t\t\t\t\t\t\t\t\t\t\t\t\t\t\t<\/div>\n\t\t\t\t\t<\/div>\n\t\t\t\t\t\t\t\t\t<div class=\"elementor-grid-item\" role=\"listitem\">\n\t\t\t\t\t\t<div class=\"elementor-share-btn elementor-share-btn_whatsapp\" role=\"button\" tabindex=\"0\" aria-label=\"Partager sur whatsapp\">\n\t\t\t\t\t\t\t\t\t\t\t\t\t\t\t<span class=\"elementor-share-btn__icon\">\n\t\t\t\t\t\t\t\t<i class=\"fab fa-whatsapp\" aria-hidden=\"true\"><\/i>\t\t\t\t\t\t\t<\/span>\n\t\t\t\t\t\t\t\t\t\t\t\t\t\t\t\t\t\t\t\t<\/div>\n\t\t\t\t\t<\/div>\n\t\t\t\t\t\t\t\t\t<div class=\"elementor-grid-item\" role=\"listitem\">\n\t\t\t\t\t\t<div class=\"elementor-share-btn elementor-share-btn_email\" role=\"button\" tabindex=\"0\" aria-label=\"Partager sur email\">\n\t\t\t\t\t\t\t\t\t\t\t\t\t\t\t<span class=\"elementor-share-btn__icon\">\n\t\t\t\t\t\t\t\t<i class=\"fas fa-envelope\" aria-hidden=\"true\"><\/i>\t\t\t\t\t\t\t<\/span>\n\t\t\t\t\t\t\t\t\t\t\t\t\t\t\t\t\t\t\t\t<\/div>\n\t\t\t\t\t<\/div>\n\t\t\t\t\t\t<\/div>\n\t\t\t\t\t\t<\/div>\n\t\t\t\t<\/div>\n\t\t\t\t\t<\/div>\n\t\t<\/div>\n\t\t\t\t\t<\/div>\n\t\t<\/section>\n\t\t\t\t<\/div>\n\t\t","protected":false},"excerpt":{"rendered":"<p>\u00bfC\u00f3mo sabemos que hay Dios? V\u00edctor Asensi Ortega, Universidad de Valencia \u201cPilares de la Creaci\u00f3n\u201d, unas nubes de gas fotografiadas por el telescopio Hubble en la Nebulosa del \u00c1guila, a 6500 a\u00f1os luz. Remasterizaci\u00f3n de hubblesite.org. Sabemos que hay Dios porque la raz\u00f3n lo demuestra y la fe lo confirma. Lo que m\u00e1s me sorprende [&hellip;]<\/p>\n","protected":false},"author":3,"featured_media":16903,"comment_status":"closed","ping_status":"open","sticky":false,"template":"","format":"standard","meta":{"site-sidebar-layout":"default","site-content-layout":"","ast-site-content-layout":"default","site-content-style":"default","site-sidebar-style":"default","ast-global-header-display":"","ast-banner-title-visibility":"","ast-main-header-display":"","ast-hfb-above-header-display":"","ast-hfb-below-header-display":"","ast-hfb-mobile-header-display":"","site-post-title":"","ast-breadcrumbs-content":"","ast-featured-img":"","footer-sml-layout":"","ast-disable-related-posts":"","theme-transparent-header-meta":"","adv-header-id-meta":"","stick-header-meta":"","header-above-stick-meta":"","header-main-stick-meta":"","header-below-stick-meta":"","astra-migrate-meta-layouts":"set","ast-page-background-enabled":"default","ast-page-background-meta":{"desktop":{"background-color":"","background-image":"","background-repeat":"repeat","background-position":"center center","background-size":"auto","background-attachment":"scroll","background-type":"","background-media":"","overlay-type":"","overlay-color":"","overlay-opacity":"","overlay-gradient":""},"tablet":{"background-color":"","background-image":"","background-repeat":"repeat","background-position":"center center","background-size":"auto","background-attachment":"scroll","background-type":"","background-media":"","overlay-type":"","overlay-color":"","overlay-opacity":"","overlay-gradient":""},"mobile":{"background-color":"","background-image":"","background-repeat":"repeat","background-position":"center center","background-size":"auto","background-attachment":"scroll","background-type":"","background-media":"","overlay-type":"","overlay-color":"","overlay-opacity":"","overlay-gradient":""}},"ast-content-background-meta":{"desktop":{"background-color":"var(--ast-global-color-5)","background-image":"","background-repeat":"repeat","background-position":"center center","background-size":"auto","background-attachment":"scroll","background-type":"","background-media":"","overlay-type":"","overlay-color":"","overlay-opacity":"","overlay-gradient":""},"tablet":{"background-color":"var(--ast-global-color-5)","background-image":"","background-repeat":"repeat","background-position":"center center","background-size":"auto","background-attachment":"scroll","background-type":"","background-media":"","overlay-type":"","overlay-color":"","overlay-opacity":"","overlay-gradient":""},"mobile":{"background-color":"var(--ast-global-color-5)","background-image":"","background-repeat":"repeat","background-position":"center center","background-size":"auto","background-attachment":"scroll","background-type":"","background-media":"","overlay-type":"","overlay-color":"","overlay-opacity":"","overlay-gradient":""}},"footnotes":""},"categories":[55],"tags":[],"class_list":["post-16901","post","type-post","status-publish","format-standard","has-post-thumbnail","hentry","category-boletin"],"_links":{"self":[{"href":"https:\/\/nscristiandad.es\/fr\/wp-json\/wp\/v2\/posts\/16901","targetHints":{"allow":["GET"]}}],"collection":[{"href":"https:\/\/nscristiandad.es\/fr\/wp-json\/wp\/v2\/posts"}],"about":[{"href":"https:\/\/nscristiandad.es\/fr\/wp-json\/wp\/v2\/types\/post"}],"author":[{"embeddable":true,"href":"https:\/\/nscristiandad.es\/fr\/wp-json\/wp\/v2\/users\/3"}],"replies":[{"embeddable":true,"href":"https:\/\/nscristiandad.es\/fr\/wp-json\/wp\/v2\/comments?post=16901"}],"version-history":[{"count":0,"href":"https:\/\/nscristiandad.es\/fr\/wp-json\/wp\/v2\/posts\/16901\/revisions"}],"wp:featuredmedia":[{"embeddable":true,"href":"https:\/\/nscristiandad.es\/fr\/wp-json\/wp\/v2\/media\/16903"}],"wp:attachment":[{"href":"https:\/\/nscristiandad.es\/fr\/wp-json\/wp\/v2\/media?parent=16901"}],"wp:term":[{"taxonomy":"category","embeddable":true,"href":"https:\/\/nscristiandad.es\/fr\/wp-json\/wp\/v2\/categories?post=16901"},{"taxonomy":"post_tag","embeddable":true,"href":"https:\/\/nscristiandad.es\/fr\/wp-json\/wp\/v2\/tags?post=16901"}],"curies":[{"name":"wp","href":"https:\/\/api.w.org\/{rel}","templated":true}]}}