{"id":4780,"date":"2021-07-09T00:01:27","date_gmt":"2021-07-08T22:01:27","guid":{"rendered":"https:\/\/nscristiandad.es\/?p=4780"},"modified":"2025-09-11T17:51:40","modified_gmt":"2025-09-11T15:51:40","slug":"novena-6","status":"publish","type":"post","link":"https:\/\/nscristiandad.es\/fr\/novena-6\/","title":{"rendered":"Novena al Santo \u00c1ngel Custodio de Espa\u00f1a. Sexto d\u00eda"},"content":{"rendered":"\t\t<div data-elementor-type=\"wp-post\" data-elementor-id=\"4780\" class=\"elementor elementor-4780\" data-elementor-post-type=\"post\">\n\t\t\t\t\t\t<section class=\"elementor-section elementor-top-section elementor-element elementor-element-68f2dda elementor-section-full_width elementor-section-content-middle elementor-section-stretched elementor-section-height-default elementor-section-height-default elementor-invisible\" data-id=\"68f2dda\" data-element_type=\"section\" data-e-type=\"section\" data-settings=\"{&quot;background_background&quot;:&quot;classic&quot;,&quot;stretch_section&quot;:&quot;section-stretched&quot;,&quot;animation&quot;:&quot;fadeInDown&quot;}\">\n\t\t\t\t\t\t<div class=\"elementor-container elementor-column-gap-default\">\n\t\t\t\t\t<div class=\"elementor-column elementor-col-100 elementor-top-column elementor-element elementor-element-5597c05\" data-id=\"5597c05\" data-element_type=\"column\" data-e-type=\"column\">\n\t\t\t<div class=\"elementor-widget-wrap elementor-element-populated\">\n\t\t\t\t\t\t<div class=\"elementor-element elementor-element-b0a6e3e elementor-invisible elementor-widget elementor-widget-heading\" data-id=\"b0a6e3e\" data-element_type=\"widget\" data-e-type=\"widget\" data-settings=\"{&quot;_animation&quot;:&quot;slideInDown&quot;}\" data-widget_type=\"heading.default\">\n\t\t\t\t<div class=\"elementor-widget-container\">\n\t\t\t\t\t<h1 class=\"elementor-heading-title elementor-size-large\">Novena al Santo \u00c1ngel Custodio de Espa\u00f1a<br>Sexto d\u00eda<\/h1>\t\t\t\t<\/div>\n\t\t\t\t<\/div>\n\t\t\t\t\t<\/div>\n\t\t<\/div>\n\t\t\t\t\t<\/div>\n\t\t<\/section>\n\t\t\t\t<section class=\"elementor-section elementor-top-section elementor-element elementor-element-7f0d6bfe elementor-section-boxed elementor-section-height-default elementor-section-height-default\" data-id=\"7f0d6bfe\" data-element_type=\"section\" data-e-type=\"section\">\n\t\t\t\t\t\t<div class=\"elementor-container elementor-column-gap-default\">\n\t\t\t\t\t<div class=\"elementor-column elementor-col-100 elementor-top-column elementor-element elementor-element-59b945a0\" data-id=\"59b945a0\" data-element_type=\"column\" data-e-type=\"column\">\n\t\t\t<div class=\"elementor-widget-wrap elementor-element-populated\">\n\t\t\t\t\t\t<div class=\"elementor-element elementor-element-359461e2 elementor-widget elementor-widget-text-editor\" data-id=\"359461e2\" data-element_type=\"widget\" data-e-type=\"widget\" data-widget_type=\"text-editor.default\">\n\t\t\t\t<div class=\"elementor-widget-container\">\n\t\t\t\t\t\t\t\t\t<p style=\"text-align: center;\">Compuesta por Mons. Leopoldo Eijo Garay<\/p>\t\t\t\t\t\t\t\t<\/div>\n\t\t\t\t<\/div>\n\t\t\t\t<div class=\"elementor-element elementor-element-63bfffe1 elementor-align-right elementor-mobile-align-center elementor-widget elementor-widget-button\" data-id=\"63bfffe1\" data-element_type=\"widget\" data-e-type=\"widget\" data-widget_type=\"button.default\">\n\t\t\t\t<div class=\"elementor-widget-container\">\n\t\t\t\t\t\t\t\t\t<div class=\"elementor-button-wrapper\">\n\t\t\t\t\t<a class=\"elementor-button elementor-button-link elementor-size-sm\" href=\"https:\/\/nscristiandad.es\/wp-content\/uploads\/2021\/07\/Novena-al-Santo-Angel-Custodio-de-Espana.pdf\">\n\t\t\t\t\t\t<span class=\"elementor-button-content-wrapper\">\n\t\t\t\t\t\t\t\t\t<span class=\"elementor-button-text\">Novena completa<\/span>\n\t\t\t\t\t<\/span>\n\t\t\t\t\t<\/a>\n\t\t\t\t<\/div>\n\t\t\t\t\t\t\t\t<\/div>\n\t\t\t\t<\/div>\n\t\t\t\t<div class=\"elementor-element elementor-element-58a0d679 elementor-widget elementor-widget-text-editor\" data-id=\"58a0d679\" data-element_type=\"widget\" data-e-type=\"widget\" data-widget_type=\"text-editor.default\">\n\t\t\t\t<div class=\"elementor-widget-container\">\n\t\t\t\t\t\t\t\t\t<p>Por la se\u00f1al&#8230;<\/p><p><span style=\"color: #ff0000;\"><i>Acto de contrici\u00f3n:<\/i><\/span> Se\u00f1or m\u00edo Jesucristo&#8230;<\/p><p><b>Oraci\u00f3n inicial para todos los d\u00edas<\/b><\/p>\t\t\t\t\t\t\t\t<\/div>\n\t\t\t\t<\/div>\n\t\t\t\t<div class=\"elementor-element elementor-element-701bcede elementor-widget elementor-widget-text-editor\" data-id=\"701bcede\" data-element_type=\"widget\" data-e-type=\"widget\" data-widget_type=\"text-editor.default\">\n\t\t\t\t<div class=\"elementor-widget-container\">\n\t\t\t\t\t\t\t\t\t<p>Oh, bienaventurado esp\u00edritu celestial, a quien la Divina Misericordia se ha dignado confiar el glorioso Reino de Espa\u00f1a, para que lo defiendas y custodies; postrados ante ti y en amorosa uni\u00f3n contigo damos al Se\u00f1or humildes y fervientes gracias por haber tenido para con nosotros la misericordiosa providencia de ponernos bajo tu protecci\u00f3n; contigo le alabamos y bendecimos y a su divino servicio rendidamente nos ofrecemos.<\/p><p>Acepta, \u00c1ngel Santo, estos piadosos cultos que a tu honor dedicamos, ilumina nuestras inteligencias, conforta nuestras voluntades, presenta al Se\u00f1or nuestras plegarias avaloradas con las tuyas; defi\u00e9ndenos del enemigo de nuestras almas, que tambi\u00e9n lo es, y muy feroz, de nuestra Patria; alc\u00e1nzanos del Se\u00f1or que saquemos fruto y provecho espiritual de estos cultos, que crezcamos en la veneraci\u00f3n a ti, en tu amor y en la docilidad a tus ense\u00f1anzas y direcci\u00f3n para que defendidos, custodiados y regidos por ti sirvamos fidel\u00edsimamente a Dios en nuestra vida privada y p\u00fablica; para que se salven nuestras almas y las de nuestros compatriotas todos; para que Espa\u00f1a sea siempre el palad\u00edn de la Fe Cat\u00f3lica y Dios Nuestro Se\u00f1or la bendiga, prospere y glorifique. Am\u00e9n.<\/p>\t\t\t\t\t\t\t\t<\/div>\n\t\t\t\t<\/div>\n\t\t\t\t<div class=\"elementor-element elementor-element-7acc008d elementor-widget elementor-widget-text-editor\" data-id=\"7acc008d\" data-element_type=\"widget\" data-e-type=\"widget\" data-widget_type=\"text-editor.default\">\n\t\t\t\t<div class=\"elementor-widget-container\">\n\t\t\t\t\t\t\t\t\t<p><b style=\"font-style: inherit; color: var( --e-global-color-text ); font-family: var( --e-global-typography-text-font-family ), Sans-serif; background-color: rgba(255, 255, 255, 0);\">Meditaci\u00f3n: ang\u00e9lica defensa<\/b><\/p>\t\t\t\t\t\t\t\t<\/div>\n\t\t\t\t<\/div>\n\t\t\t\t<div class=\"elementor-element elementor-element-11d3d04 elementor-widget elementor-widget-text-editor\" data-id=\"11d3d04\" data-element_type=\"widget\" data-e-type=\"widget\" data-widget_type=\"text-editor.default\">\n\t\t\t\t<div class=\"elementor-widget-container\">\n\t\t\t\t\t\t\t\t\t<p>Establecida por Dios esa \u00edntima y consoladora relaci\u00f3n entre todos los seres intelectuales sobre la que meditamos el d\u00eda segundo, consideremos hoy la forma en que las puras inteligencias, los santos \u00e1ngeles protegen y auxilian a la humanidad.<\/p>\n<p>Claramente dicen en repetidos lugares las Sagradas Letras, y creencia ha sido de la Santa Iglesia Cat\u00f3lica desde los primeros siglos, que la misericordiosa providencia del Se\u00f1or rige los destinos de los hombres por el ministerio de los \u00e1ngeles, constituyendo a \u00e9stos en custodios, protectores y poderos\u00edsimos defensores de aqu\u00e9llos. \u00a1Qu\u00e9 alentadora es esta creencia de nuestra fe!<\/p>\n<p>Verdad que el enemigo malo, \u00e1ngel tambi\u00e9n e inteligencia tan perfecta, nos pone asechanzas, nos incita al pecado, levanta en nuestra alma rebeldes ambiciones, azuza nuestras concupiscencias para que avasallen al esp\u00edritu envileci\u00e9ndolo con la esclavitud de desordenados placeres. Verdad que, como \u00able\u00f3n rugiente nos rodea buscando a quien devorar\u00bb<a href=\"#_ftn1\" name=\"_ftnref1\">[1]<\/a>. Pero no estamos solos: Jesucristo, la Sant\u00edsima Virgen y los santos nos protegen e interceden por nosotros, y si \u00e1ngeles malos nos tientan, los \u00e1ngeles buenos \u2014fieles al Se\u00f1or y ansiosos de nuestra salvaci\u00f3n\u2014 extienden por orden divina sus alas para cobijarnos. Mandados por Dios, nos custodian en todos los pasos de nuestra vida para salvarnos de mortales tropiezos<a href=\"#_ftn2\" name=\"_ftnref2\">[2]<\/a>, y a las malas astucias del enemigo oponen su activa y celosa labor en bien de nuestras almas. S\u00f3lo nuestro libre albedr\u00edo puede rendirnos a nuestro enemigo, pues si bien es m\u00e1s poderoso por naturaleza, no s\u00f3lo no lo es por la gracia, sino que encuentra en torno de nosotros a otras naturalezas perfect\u00edsimas que nos amparan, cumpliendo aquella dulc\u00edsima promesa del Eterno: \u00abEnviar\u00e1 el Se\u00f1or su \u00e1ngel en derredor de los que le temen y los salvar\u00e1\u00bb<a href=\"#_ftn3\" name=\"_ftnref3\">[3]<\/a>. Esto lo interpreta San Jer\u00f3nimo de esta manera: \u00abEl \u00e1ngel de Dios, nuestro custodio, est\u00e1 a nuestro lado, y por doquiera nos rodea, para que el demonio no pueda hallar entrada hasta nosotros\u00bb.<\/p>\n<p>Alent\u00e9monos, pues, llenos de segura confianza y de humilde agradecimiento al Se\u00f1or y a nuestro Santo \u00c1ngel que tan amorosamente nos defiende, y con los ojos puestos en Dios y en \u00e9l, propongamos enmendar y santificar nuestra vida.<\/p>\n<p style=\"text-align: center;\"><span style=\"color: #ff0000; font-size: 16px; font-style: normal; font-weight: 400; text-align: center;\">\u2020<\/span><\/p>\n<p>\u00ab\u00bfQui\u00e9n no rebosar\u00e1 de inefable gozo \u2014dice San Lorenzo Justiniano\u2014 al meditar sobre el auxilio de los santos \u00e1ngeles, que infatigable e incesantemente dan guardia al pueblo de Dios y a las congregaciones de los fieles?\u00bb<\/p>\n<p>Comentando aquella par\u00e1bola evang\u00e9lica de que habla el Se\u00f1or en el cap\u00edtulo 21 de San Mateo<a href=\"#_ftn4\" name=\"_ftnref1\">[4]<\/a>, dicen los padres e int\u00e9rpretes que el vallado que defend\u00eda la vi\u00f1a representa la ang\u00e9lica custodia que Dios ha puesto alrededor de su pueblo.<\/p>\n<p>De la defensa ang\u00e9lica hablaba Dios por el profeta Isa\u00edas al decir: \u00abSobre tus muros, Jerusal\u00e9n, he puesto guardia\u00bb<a href=\"#_ftn5\" name=\"_ftnref2\">[5]<\/a>. San Bernardo exclama: \u00abOh ciudad verdaderamente fuert\u00edsima, porque el \u00c1ngel Santo la rodea defendi\u00e9ndola, detiene lejos de ella a sus enemigos y rechaza a cuantos son osados de caer sobre ella, reprime su audacia, y atac\u00e1ndolos poderosamente los derrota\u00bb.<\/p>\n<p>He aqu\u00ed clara imagen de lo que es una naci\u00f3n defendida por su \u00e1ngel custodio. \u00a1Cu\u00e1ntos enemigos, internos y externos, que traman su da\u00f1o priv\u00e1ndole de sus bienes y sus glorias! \u00a1Cu\u00e1ntos que conspiran para arrebatarle el mayor bien de que preciarse puede un pueblo: su religiosidad, su vida cristiana, la santidad e inocencia de sus hijos, la rectitud y moralidad de sus costumbres, y con ello el vigor y la lozan\u00eda, la virilidad y el honor de sus habitantes!<\/p>\n<p>Los que con propagandas imp\u00edas tratan de descristianizar al pueblo; los que comerciando en libros, revistas y contenidos deshonestos atentan contra la limpieza del alma y corrompen vilmente la juventud; los que detestando de la piedad de nuestros mayores pretenden con fan\u00e1tico sectarismo que Espa\u00f1a borre de su frente la se\u00f1al de la cruz, reniegue de Cristo y no le confiese valientemente en medio de las naciones; los que predican ut\u00f3picos conceptos de la vida social, re\u00f1idos con el c\u00f3digo del Evangelio, \u00bfqu\u00e9 son sino temibles enemigos, seguidores del padre de las tinieblas, disc\u00edpulos y remedadores de los desaciertos de pueblos extra\u00f1os, ante cuya labor corren grav\u00edsimo riesgo la paz, el orden, la prosperidad y aun la misma vida de nuestra naci\u00f3n?<\/p>\n<p>\u00bfPero qu\u00e9 pueden todos ellos contra el brazo del Se\u00f1or y la celestial defensa de que ha dotado a los suyos? Lo mismo en el orden social que en el personal, s\u00f3lo nuestra voluntad puede perdernos; si los miembros sanos de un pueblo acuden al Se\u00f1or, invocan la ang\u00e9lica protecci\u00f3n y en\u00e9rgicamente rechazan las invasiones del mal, lejos de ser vencidos, dan a su patria el triunfo de la virtud y del bien.<\/p>\n<p>Ea, pues, acudamos a nuestro celestial defensor; si nuestra voluntad es decidida, con su auxilio podemos vencer; imploremos su valios\u00edsima defensa y las potestades del mal ser\u00e1n vencidas. Puesta nuestra confianza en Dios y en el Santo \u00c1ngel, esforc\u00e9monos en enmendar nuestra vida, y en cooperar en la medida de nuestras fuerzas para que en nuestra patria triunfen el orden, la moralidad y las virtudes cristianas.<\/p>\n<p style=\"text-align: center;\"><strong>Oraci\u00f3n<\/strong><\/p>\n<p>Oh, fort\u00edsimo \u00c1ngel Custodio de Espa\u00f1a, enviado por Dios para que defiendas y libres a nuestro pueblo de sus enemigos. De lo m\u00e1s profundo de nuestro coraz\u00f3n damos gracias al Se\u00f1or por hab\u00e9rtenos concedido: t\u00fa eres el escudo protector con que \u00c9l nos defiende de nuestros enemigos infernales. Por medio de ti nos salva su diestra omnipotente; por ti endereza nuestros caminos y nos defiende de la impiedad que por dentro y por fuera pone asechanzas a la tradicional religiosidad de nuestra patria.<\/p>\n<p>En ti confiamos, \u00e1ngel invencible. T\u00fa, revestido de fortaleza y ce\u00f1ido de poder, confirmar\u00e1s a nuestra naci\u00f3n, que jam\u00e1s podr\u00e1 ser conmovida. Gozosos ensalzaremos al Se\u00f1or, nuestro Creador, porque por medio de ti nos custodia y nos librar\u00e1 siempre del mal.<\/p>\n<p>Alc\u00e1nzanos t\u00fa fortaleza para luchar denodadamente contra nuestros corrompidos instintos y viciosas pasiones; no consientas que nuestros pecados, nuestras ofensas al Se\u00f1or y nuestra vida desordenada frustren la poderosa defensa con que favoreces a nuestra patria. Haz que, por el contrario, santific\u00e1ndonos individualmente cuente ella con hijos y ciudadanos nobles, honrados, virtuosos, buenos cristianos y esforzados paladines de la causa de Dios, que es tambi\u00e9n la causa de la patria.<\/p>\n<p>Mira, \u00c1ngel Santo, que son muchos los enemigos que luchan por la descristianizaci\u00f3n y por la ruina de Espa\u00f1a; desbarata sus planes e insidias y da fortaleza a los defensores de la fe. Defi\u00e9ndenos en la vida; en la hora de la muerte pres\u00e9ntanos en tus brazos al Cordero inmaculado, para que nos reciba en su reino de paz y de gloria eterna. Am\u00e9n.<\/p>\n<p style=\"text-align: center;\"><span style=\"color: #ff0000;\"><em>Padre nuestro. Ave Mar\u00eda. Gloria.<\/em><\/span><\/p>\n<p style=\"text-align: center;\"><strong>Ejemplo b\u00edblico<\/strong><\/p>\n<p>Muy abundantes son en la Sagrada Biblia los casos de un \u00e1ngel custodio defendiendo los intereses de la naci\u00f3n cuya custodia le est\u00e1 encomendada. Naturalmente, los m\u00e1s frecuentes se refieren a la protecci\u00f3n dispensada por San Miguel al pueblo hebreo, pero no faltan otros que se refieran a otros pueblos. Unos y otros dan clara idea de lo que por cada naci\u00f3n hace (o puede hacer) su respectivo \u00e1ngel, as\u00ed como lo que por la Iglesia hace desde su fundaci\u00f3n San Miguel, bajo cuya custodia la puso el Se\u00f1or.<\/p>\n<p>En el cap\u00edtulo 10 de Daniel se presenta el \u00c1ngel Custodio de Persia y de Grecia, luchando por defender a sus pueblos protegidos. La heroica Judit manifest\u00f3 que el \u00e1ngel del Se\u00f1or la custodi\u00f3, defendi\u00f3 y ayud\u00f3 en su atrevida empresa de decapitar a Holofernes y salvar a su pueblo.<\/p>\n<p>En el capitulo 11 del segundo libro de los Macabeos se narra que al atacar Lysias con numerosas y aguerridas tropas a los jud\u00edos, vi\u00e9ndose el caudillo de \u00e9stos, Judas Macabeo, muy inferior en armas, no por eso desmay\u00f3 su \u00e1nimo, sino que con l\u00e1grimas y clamores pidi\u00f3 al Se\u00f1or que enviase al \u00e1ngel bueno para salvaci\u00f3n de Israel. Y cuando \u00e9l y sus esforzados compa\u00f1eros de armas salieron a hacer frente al feroz y poderoso enemigo, he aqu\u00ed que apareci\u00f3 ante ellos un jinete vestido de blanco, con armas de oro, blandiendo una lanza. Entonces todos bendijeron a Dios misericordioso y cobraron \u00e1nimo, e iban decididos, confiados en la misericordia de Dios y en el celestial defensor. Cayeron como leones sobre sus enemigos, haciendo en ellos gran mortandad y poniendo en fuga a los restantes. Igualmente en el capitulo tercero se narra como el \u00e1ngel apareci\u00f3 en el templo, arrojando de \u00e9l violentamente al imp\u00edo Heliodoro.<\/p>\n<p>La Sagrada Liturgia, en el oficio del Santo \u00c1ngel Custodio de Espa\u00f1a, como si indicase que pueden tener aplicaci\u00f3n a nuestra Patria, usa de unas palabras del libro segundo de los Reyes que se refieren a la gran derrota, profetizada por Dios, del rey de los asirios Senaquerib: \u00abEsto dice Dios del Rey de los asirios: No entrar\u00e1 en esta ciudad, ni lanzar\u00e1 contra ella flecha, ni la ocupar\u00e1 armadura, ni la asediar\u00e1 ej\u00e9rcito; por donde viene se volver\u00e1. Proteger\u00e9 esta ciudad por mi honor y por mi siervo David\u00bb<a href=\"https:\/\/nscristiandad.es\/novena-5\/\" name=\"_ftnref1\">[6<\/a><a href=\"#_ftn6\">]<\/a>. Y aquella misma noche el \u00e1ngel del Se\u00f1or vino y pas\u00f3 a cuchillo a 185.000 hombres del campamento de los asirios. De ma\u00f1ana vio Senaquerib la mortandad y, volvi\u00e9ndose sobre sus pasos, se march\u00f3 a N\u00ednive, donde sus propios hijos le asesinaron.<\/p>\n<p>Al ver este pasaje citado en el oficio lit\u00fargico de nuestro Santo \u00c1ngel, no puede menos de venir a la memoria aquella glorios\u00edsima p\u00e1gina de la historia de Espa\u00f1a en que est\u00e1 escrita con caracteres de oro la gran batalla ganada sobre el poder de la media luna, la que decidi\u00f3 la suerte de Espa\u00f1a entera: la victoria de las Navas de Tolosa en el a\u00f1o 1212.<\/p>\n<p>Un innumerable ej\u00e9rcito de mahometanos hab\u00eda pasado el estrecho. La nueva invasi\u00f3n amenazaba someter a Espa\u00f1a para siempre. Las tropas de la pen\u00ednsula, y s\u00f3lo ellas (pues las extranjeras que acudieron al llamamiento del papa Inocencio III y del rey de Castilla Alfonso el Bueno, se retiraron desde Calatrava), llegaron al pie de Sierra Morena, siendo muy inferiores en n\u00famero. Por lugar estrecho y fragoso ten\u00edan que pasar para llegar a contacto con los moros. Asentado el ej\u00e9rcito de \u00e9stos en el paso y en las alturas amenazaban con muerte cierta a los cristianos si segu\u00edan adelante. Temerosos e indecisos, los cristianos no sab\u00edan qu\u00e9 partido tomar, cuando un joven desconocido de todos, que dijo ser pastor y de quien despu\u00e9s de la lucha nadie volvi\u00f3 m\u00e1s a saber, gui\u00f3 el ej\u00e9rcito por caminos ocultos hasta aparecer en las alturas de la sierra. El 16 de julio, despu\u00e9s de pasar la noche nuestros soldados en hacer oraci\u00f3n, confesar y comulgar, lanz\u00e1ronse sobre sus enemigos. Trabose fieramente la pelea y fue tan grande la victoria y tan manifiesta la protecci\u00f3n celestial que quedaron muertos sobre el campo 200.000 enemigos y, en cambio, s\u00f3lo murieron de los nuestros unos 25.<\/p>\n<p>\u00abLa verdad es \u2014dice el P. Juan de Mariana\u2014 que esta victoria nobil\u00edsima y la m\u00e1s ilustre que hubo en Espa\u00f1a, se alcanz\u00f3, no por fuerzas humanas, sino por la ayuda de Dios y de sus santos\u00bb. En Roma, presididas por el mismo Romano Pont\u00edfice, y en todo el mundo cristiano, se hab\u00edan hecho grandes rogativas. Extraordinarios prodigios se refieren ocurridos en la batalla y era corriente en el pueblo la creencia de que el que con apariencias de pastor gui\u00f3 a los cristianos por oculto y seguro camino al alto de los montes era un \u00e1ngel. Nada ha dicho sobre esto la autoridad de la Iglesia y nada podemos asegurar. Lo cierto es que la Iglesia conmemora como milagrosa esta victoria con la fiesta anual del Triunfo de la Santa Cruz, el 21 de julio.<\/p>\n<p style=\"text-align: center;\"><span style=\"color: #ff0000; font-size: 16px; font-style: normal; font-weight: 400; text-align: center;\">\u2020<\/span><\/p>\n<p style=\"font-size: 16px; font-style: normal; font-weight: 400;\"><em style=\"font-size: 16px;\"><span style=\"font-size: 16px; color: #ff0000;\">Ant\u00edfona<\/span>.&nbsp;<\/em>Bendito sea el Se\u00f1or, que por medio del \u00c1ngel de salvaci\u00f3n visit\u00f3 a nuestro pueblo y nuestra Naci\u00f3n y la libr\u00f3 de las manos de cuantos la odiaban y dirigi\u00f3 nuestros pasos por el camino de la paz.<\/p>\n<p style=\"font-size: 16px; font-style: normal; font-weight: 400;\"><span style=\"font-size: 16px; font-weight: bold;\">\u2123<\/span>. Enviar\u00e1 el Se\u00f1or su \u00c1ngel en rededor de los que le temen.<\/p>\n<p style=\"font-size: 16px; font-style: normal; font-weight: 400;\"><span style=\"font-size: 16px; font-weight: bold;\">\u211f<\/span>. Y los librar\u00e1.<\/p>\n<p><span style=\"font-size: 16px; font-style: normal; font-weight: 400; color: var( --e-global-color-text ); font-family: var( --e-global-typography-text-font-family ), Sans-serif; background-color: rgba(255, 255, 255, 0);\">Oremos. Omnipotente sempiterno Dios, que con inefable Providencia has destinado un \u00c1ngel a cada Reino para su custodia: conc\u00e9denos, te suplicamos, que por las preces y el patrocinio del \u00c1ngel Custodio de nuestro Reino nos libremos siempre de toda adversidad. Por Jesucristo Nuestro Se\u00f1or. Am\u00e9n.<\/span><\/p>\n<p><a href=\"#_ftnref1\" name=\"_ftn1\">[1]<\/a> 1 Pe 5, 8.<\/p>\n<p><a href=\"#_ftnref2\" name=\"_ftn2\">[2]<\/a> <em>Cf. <\/em>Sal 90.<\/p>\n<p><a href=\"#_ftnref3\" name=\"_ftn3\">[3]<\/a> Sal 33, 7.<\/p>\n<p><a href=\"#_ftnref4\" name=\"_ftn1\">[4]<\/a> <em>Cf. <\/em>Mt 21, 33.<\/p>\n<p><a href=\"#_ftnref5\" name=\"_ftn2\">[5]<\/a> Is 62, 6.<\/p>\n<p><a href=\"#_ftnref6\" name=\"_ftn1\">[6]<\/a> 2 Re 19, 32-34.<\/p>\t\t\t\t\t\t\t\t<\/div>\n\t\t\t\t<\/div>\n\t\t\t\t\t<\/div>\n\t\t<\/div>\n\t\t\t\t\t<\/div>\n\t\t<\/section>\n\t\t\t\t<\/div>\n\t\t","protected":false},"excerpt":{"rendered":"<p>Novena al Santo \u00c1ngel Custodio de Espa\u00f1aSexto d\u00eda Compuesta por Mons. Leopoldo Eijo Garay Novena completa Por la se\u00f1al&#8230; Acto de contrici\u00f3n: Se\u00f1or m\u00edo Jesucristo&#8230; Oraci\u00f3n inicial para todos los d\u00edas Oh, bienaventurado esp\u00edritu celestial, a quien la Divina Misericordia se ha dignado confiar el glorioso Reino de Espa\u00f1a, para que lo defiendas y custodies; [&hellip;]<\/p>\n","protected":false},"author":3,"featured_media":4550,"comment_status":"closed","ping_status":"open","sticky":false,"template":"","format":"standard","meta":{"site-sidebar-layout":"default","site-content-layout":"default","ast-site-content-layout":"default","site-content-style":"default","site-sidebar-style":"default","ast-global-header-display":"","ast-banner-title-visibility":"","ast-main-header-display":"","ast-hfb-above-header-display":"","ast-hfb-below-header-display":"","ast-hfb-mobile-header-display":"","site-post-title":"disabled","ast-breadcrumbs-content":"","ast-featured-img":"","footer-sml-layout":"","ast-disable-related-posts":"","theme-transparent-header-meta":"default","adv-header-id-meta":"","stick-header-meta":"","header-above-stick-meta":"","header-main-stick-meta":"","header-below-stick-meta":"","astra-migrate-meta-layouts":"default","ast-page-background-enabled":"default","ast-page-background-meta":{"desktop":{"background-color":"","background-image":"","background-repeat":"repeat","background-position":"center center","background-size":"auto","background-attachment":"scroll","background-type":"","background-media":"","overlay-type":"","overlay-color":"","overlay-opacity":"","overlay-gradient":""},"tablet":{"background-color":"","background-image":"","background-repeat":"repeat","background-position":"center center","background-size":"auto","background-attachment":"scroll","background-type":"","background-media":"","overlay-type":"","overlay-color":"","overlay-opacity":"","overlay-gradient":""},"mobile":{"background-color":"","background-image":"","background-repeat":"repeat","background-position":"center center","background-size":"auto","background-attachment":"scroll","background-type":"","background-media":"","overlay-type":"","overlay-color":"","overlay-opacity":"","overlay-gradient":""}},"ast-content-background-meta":{"desktop":{"background-color":"var(--ast-global-color-5)","background-image":"","background-repeat":"repeat","background-position":"center center","background-size":"auto","background-attachment":"scroll","background-type":"","background-media":"","overlay-type":"","overlay-color":"","overlay-opacity":"","overlay-gradient":""},"tablet":{"background-color":"var(--ast-global-color-5)","background-image":"","background-repeat":"repeat","background-position":"center center","background-size":"auto","background-attachment":"scroll","background-type":"","background-media":"","overlay-type":"","overlay-color":"","overlay-opacity":"","overlay-gradient":""},"mobile":{"background-color":"var(--ast-global-color-5)","background-image":"","background-repeat":"repeat","background-position":"center center","background-size":"auto","background-attachment":"scroll","background-type":"","background-media":"","overlay-type":"","overlay-color":"","overlay-opacity":"","overlay-gradient":""}},"footnotes":""},"categories":[52],"tags":[],"class_list":["post-4780","post","type-post","status-publish","format-standard","has-post-thumbnail","hentry","category-espiritualidad"],"_links":{"self":[{"href":"https:\/\/nscristiandad.es\/fr\/wp-json\/wp\/v2\/posts\/4780","targetHints":{"allow":["GET"]}}],"collection":[{"href":"https:\/\/nscristiandad.es\/fr\/wp-json\/wp\/v2\/posts"}],"about":[{"href":"https:\/\/nscristiandad.es\/fr\/wp-json\/wp\/v2\/types\/post"}],"author":[{"embeddable":true,"href":"https:\/\/nscristiandad.es\/fr\/wp-json\/wp\/v2\/users\/3"}],"replies":[{"embeddable":true,"href":"https:\/\/nscristiandad.es\/fr\/wp-json\/wp\/v2\/comments?post=4780"}],"version-history":[{"count":0,"href":"https:\/\/nscristiandad.es\/fr\/wp-json\/wp\/v2\/posts\/4780\/revisions"}],"wp:featuredmedia":[{"embeddable":true,"href":"https:\/\/nscristiandad.es\/fr\/wp-json\/wp\/v2\/media\/4550"}],"wp:attachment":[{"href":"https:\/\/nscristiandad.es\/fr\/wp-json\/wp\/v2\/media?parent=4780"}],"wp:term":[{"taxonomy":"category","embeddable":true,"href":"https:\/\/nscristiandad.es\/fr\/wp-json\/wp\/v2\/categories?post=4780"},{"taxonomy":"post_tag","embeddable":true,"href":"https:\/\/nscristiandad.es\/fr\/wp-json\/wp\/v2\/tags?post=4780"}],"curies":[{"name":"wp","href":"https:\/\/api.w.org\/{rel}","templated":true}]}}