{"id":11774,"date":"2022-12-14T17:59:46","date_gmt":"2022-12-14T16:59:46","guid":{"rendered":"https:\/\/nscristiandad.es\/?p=11774"},"modified":"2025-03-24T17:15:01","modified_gmt":"2025-03-24T16:15:01","slug":"el-peregrinar-de-un-sacerdote","status":"publish","type":"post","link":"https:\/\/nscristiandad.es\/pt\/el-peregrinar-de-un-sacerdote\/","title":{"rendered":"El peregrinar de un sacerdote"},"content":{"rendered":"\t\t<div data-elementor-type=\"wp-post\" data-elementor-id=\"11774\" class=\"elementor elementor-11774\" data-elementor-post-type=\"post\">\n\t\t\t\t\t\t<section class=\"elementor-section elementor-top-section elementor-element elementor-element-27e165bd elementor-section-full_width elementor-section-content-middle elementor-section-stretched elementor-section-height-min-height elementor-section-items-bottom elementor-section-height-default elementor-invisible\" data-id=\"27e165bd\" data-element_type=\"section\" data-e-type=\"section\" data-settings=\"{&quot;background_background&quot;:&quot;classic&quot;,&quot;stretch_section&quot;:&quot;section-stretched&quot;,&quot;animation&quot;:&quot;fadeInDown&quot;}\">\n\t\t\t\t\t\t<div class=\"elementor-container elementor-column-gap-default\">\n\t\t\t\t\t<div class=\"elementor-column elementor-col-100 elementor-top-column elementor-element elementor-element-7bc57921\" data-id=\"7bc57921\" data-element_type=\"column\" data-e-type=\"column\">\n\t\t\t<div class=\"elementor-widget-wrap elementor-element-populated\">\n\t\t\t\t\t\t<div class=\"elementor-element elementor-element-3a050cd elementor-invisible elementor-widget elementor-widget-heading\" data-id=\"3a050cd\" data-element_type=\"widget\" data-e-type=\"widget\" data-settings=\"{&quot;_animation&quot;:&quot;slideInDown&quot;}\" data-widget_type=\"heading.default\">\n\t\t\t\t<div class=\"elementor-widget-container\">\n\t\t\t\t\t<h1 class=\"elementor-heading-title elementor-size-large\">El peregrinar de un sacerdote<\/h1>\t\t\t\t<\/div>\n\t\t\t\t<\/div>\n\t\t\t\t<div class=\"elementor-element elementor-element-223da25b elementor-invisible elementor-widget elementor-widget-heading\" data-id=\"223da25b\" data-element_type=\"widget\" data-e-type=\"widget\" data-settings=\"{&quot;_animation&quot;:&quot;slideInDown&quot;}\" data-widget_type=\"heading.default\">\n\t\t\t\t<div class=\"elementor-widget-container\">\n\t\t\t\t\t<h3 class=\"elementor-heading-title elementor-size-large\">D. Pablo Pich-Aguilera Blasco, Pbro.<\/h3>\t\t\t\t<\/div>\n\t\t\t\t<\/div>\n\t\t\t\t\t<\/div>\n\t\t<\/div>\n\t\t\t\t\t<\/div>\n\t\t<\/section>\n\t\t\t\t<section class=\"elementor-section elementor-top-section elementor-element elementor-element-4088761e elementor-section-boxed elementor-section-height-default elementor-section-height-default\" data-id=\"4088761e\" data-element_type=\"section\" data-e-type=\"section\">\n\t\t\t\t\t\t<div class=\"elementor-container elementor-column-gap-default\">\n\t\t\t\t\t<div class=\"elementor-column elementor-col-16 elementor-top-column elementor-element elementor-element-6c362124\" data-id=\"6c362124\" data-element_type=\"column\" data-e-type=\"column\">\n\t\t\t<div class=\"elementor-widget-wrap\">\n\t\t\t\t\t\t\t<\/div>\n\t\t<\/div>\n\t\t\t\t<div class=\"elementor-column elementor-col-66 elementor-top-column elementor-element elementor-element-25c0bb9f\" data-id=\"25c0bb9f\" data-element_type=\"column\" data-e-type=\"column\">\n\t\t\t<div class=\"elementor-widget-wrap elementor-element-populated\">\n\t\t\t\t\t\t<div class=\"elementor-element elementor-element-df15b84 elementor-widget elementor-widget-image\" data-id=\"df15b84\" data-element_type=\"widget\" data-e-type=\"widget\" data-widget_type=\"image.default\">\n\t\t\t\t<div class=\"elementor-widget-container\">\n\t\t\t\t\t\t\t\t\t\t\t\t<figure class=\"wp-caption\">\n\t\t\t\t\t\t\t\t\t\t<img fetchpriority=\"high\" decoding=\"async\" width=\"768\" height=\"512\" src=\"https:\/\/nscristiandad.es\/wp-content\/uploads\/2022\/08\/IMG-20220723-WA0059-768x512.jpg\" class=\"attachment-medium_large size-medium_large wp-image-10638\" alt=\"\" srcset=\"https:\/\/nscristiandad.es\/wp-content\/uploads\/2022\/08\/IMG-20220723-WA0059-768x512.jpg 768w, https:\/\/nscristiandad.es\/wp-content\/uploads\/2022\/08\/IMG-20220723-WA0059-300x200.jpg 300w, https:\/\/nscristiandad.es\/wp-content\/uploads\/2022\/08\/IMG-20220723-WA0059-1024x682.jpg 1024w, https:\/\/nscristiandad.es\/wp-content\/uploads\/2022\/08\/IMG-20220723-WA0059-1536x1023.jpg 1536w, https:\/\/nscristiandad.es\/wp-content\/uploads\/2022\/08\/IMG-20220723-WA0059-600x400.jpg 600w, https:\/\/nscristiandad.es\/wp-content\/uploads\/2022\/08\/IMG-20220723-WA0059.jpg 1600w\" sizes=\"(max-width: 768px) 100vw, 768px\" \/>\t\t\t\t\t\t\t\t\t\t\t<figcaption class=\"widget-image-caption wp-caption-text\"><\/figcaption>\n\t\t\t\t\t\t\t\t\t\t<\/figure>\n\t\t\t\t\t\t\t\t\t<\/div>\n\t\t\t\t<\/div>\n\t\t\t\t<div class=\"elementor-element elementor-element-1d21dd14 elementor-widget elementor-widget-text-editor\" data-id=\"1d21dd14\" data-element_type=\"widget\" data-e-type=\"widget\" data-widget_type=\"text-editor.default\">\n\t\t\t\t<div class=\"elementor-widget-container\">\n\t\t\t\t\t\t\t\t\t<p>La experiencia de peregrinar es siempre algo mucho m\u00e1s que dar un paso tras otro por los caminos que conducen a una meta terrenal. Es un camino interior que se acompasa a los dolores, avatares, inclemencias, alegr\u00edas, luces y sombras de un camino exterior. El hecho mismo de peregrinar nos muestra que somos viadores hacia la patria celestial, que encuentra en este mundo hitos y consuelos en las distintas formas de presencia que el Se\u00f1or dispone para aumentar en nosotros la Fe, la Esperanza y la Caridad.<\/p><p>Cada uno camina, adem\u00e1s, en esta peregrinaci\u00f3n, seg\u00fan su modo y estado. En mi caso, como sacerdote, puedo decir que es la peregrinaci\u00f3n conjunta una plasmaci\u00f3n de aquel pastoreo que estamos llamados a llevar a cabo. Por un lado la peregrinaci\u00f3n propia e interior, pero por otro lado ese caminar como Iglesia peregrina, como Cuerpo M\u00edstico en comuni\u00f3n con la Iglesia de todos los siglos. En este sentido, el cariz Tradicional, que no es una opci\u00f3n sino la conciencia de caminar precisamente al lado de todos los que ya han peregrinado por este mundo y llamados a ser testigos del presente, pasar despu\u00e9s el testigo a los que vendr\u00e1n despu\u00e9s.<\/p><p>Como sacerdote, la peregrinaci\u00f3n ha sido un claro signo de esperanza, un tiempo de aliento, una ocasi\u00f3n para reposar intuiciones, anhelos, esperanzas, deseos, etc. Poder compartir con sacerdotes que tienen un mismo Se\u00f1or, una misma Fe, un mismo Bautismo, es siempre encontrar un lugar de reposo porque el Se\u00f1or se hace presente en compartir la misma Verdad, al mismo Cristo.<\/p><p>Poder hablar con sacerdotes con sus problemas, ilusiones, frutos y desgracias, y ver que al final ese es el camino de todos, ayuda a ver que, en primer lugar, nuestra esperanza debe estar solamente puesta en Cristo, y que nuestro trabajo es ser fieles a \u00c9l. En segundo lugar, nos descentramos de nosotros mismos, viendo que no somos el ombligo del mundo, que todos tenemos problemas, y muchos mucho m\u00e1s graves. En tercer lugar, es un est\u00edmulo ver sacerdotes trabajadores, entregados de veras al Se\u00f1or y al anuncio del Evangelio. Compartir con ellos intercambiando ideas y experiencia es algo muy positivo, renueva la esperanza y estimula a un nuevo impulso hacia la santidad.<\/p><p>\u00a1Y qu\u00e9 decir de los fieles! Compartir las inquietudes, preocupaciones, problemas y dudas con ellos es impresionante. Especialmente percibir esa sed de Dios que tienen, sed por la Verdad, por ir a fondo en las cuestiones. En estos momentos dif\u00edciles de la historia, poder ser part\u00edcipes del acompa\u00f1amiento de los escogidos por el Se\u00f1or para estos tiempos es siempre una alegr\u00eda. \u00a1Cu\u00e1nto he aprendido de ellos! Poder participar de su vida como pastores es algo que me estremece. Estamos llamados a ser Cristo para ellos, administradores de Sus misterios.<\/p><p>Estos encuentros siempre son una llamada de atenci\u00f3n sobre la propia vida espiritual, porque sabemos que de la abundancia del coraz\u00f3n habla la boca. Y de nuestra boca solo debe pronunciarse lo que es propio del Verbo. \u00a1Cu\u00e1nta falta nos hace repetirnos esta verdad! En virtud de la especial consagraci\u00f3n por el Orden, somos injertados en el mismo sacerdocio de Cristo.<\/p><p>Por \u00faltimo, repetir sobre la Tradici\u00f3n. No solamente podemos quedarnos con los elementos externos, ni siquiera de la magn\u00edfica Liturgia Tradicional, sino especialmente recuperar ese esp\u00edritu que fue capaz de generarla. Un esp\u00edritu lleno de Dios, profundamente cristiano, donde Cristo era realmente el centro no solamente de la Liturgia sino de toda la vida cristiana. En la Misa, como en nuestra vida, Dios en el centro, y todo lo dem\u00e1s mira hacia \u00c9l.<\/p><p>De la mano de la Virgen Sant\u00edsima, a quien pusimos por intercesora en nuestra peregrinaci\u00f3n, caminamos en pos de la recuperaci\u00f3n de una Tradici\u00f3n que sigue viva y que jam\u00e1s podr\u00e1 ser destruida. Adoramos a un Dios vivo y vivificante, no a unas cenizas. Miramos no a un pasado obsoleto sino a lo que fue un presente capaz de suscitar los m\u00e1s altos movimientos en el coraz\u00f3n del hombre y del que se ha intentado privarnos. La Santa Misa Tradicional no es un montaje, es la expresi\u00f3n m\u00e1s acabada de una humanidad que puso a Dios en la cumbre de sus anhelos y esperanzas, en el \u00fanico lugar en el que puede estar, el primero y m\u00e1s alto.<\/p><p style=\"text-align: center;\">Viva Cristo Rey y Viva la Sant\u00edsima Virgen Mar\u00eda<\/p><p><a href=\"#_ftnref5\" name=\"_ftn5\"><\/a><\/p>\t\t\t\t\t\t\t\t<\/div>\n\t\t\t\t<\/div>\n\t\t\t\t\t<\/div>\n\t\t<\/div>\n\t\t\t\t<div class=\"elementor-column elementor-col-16 elementor-top-column elementor-element elementor-element-3d051254\" data-id=\"3d051254\" data-element_type=\"column\" data-e-type=\"column\">\n\t\t\t<div class=\"elementor-widget-wrap\">\n\t\t\t\t\t\t\t<\/div>\n\t\t<\/div>\n\t\t\t\t\t<\/div>\n\t\t<\/section>\n\t\t\t\t<section class=\"elementor-section elementor-top-section elementor-element elementor-element-d23de12 elementor-section-boxed elementor-section-height-default elementor-section-height-default\" data-id=\"d23de12\" data-element_type=\"section\" data-e-type=\"section\">\n\t\t\t\t\t\t<div class=\"elementor-container elementor-column-gap-default\">\n\t\t\t\t\t<div class=\"elementor-column elementor-col-100 elementor-top-column elementor-element elementor-element-77fc8b31\" data-id=\"77fc8b31\" data-element_type=\"column\" data-e-type=\"column\">\n\t\t\t<div class=\"elementor-widget-wrap elementor-element-populated\">\n\t\t\t\t\t\t<div class=\"elementor-element elementor-element-17c7252a elementor-widget elementor-widget-text-editor\" data-id=\"17c7252a\" data-element_type=\"widget\" data-e-type=\"widget\" data-widget_type=\"text-editor.default\">\n\t\t\t\t<div class=\"elementor-widget-container\">\n\t\t\t\t\t\t\t\t\t<p>PUBLICADO EN EL BOLET\u00cdN \u00abLAUDATE\u00bb N\u00ba15 &#8211; DICIEMBRE 2022<\/p>\t\t\t\t\t\t\t\t<\/div>\n\t\t\t\t<\/div>\n\t\t\t\t<div class=\"elementor-element elementor-element-514ea8bc elementor-share-buttons--view-icon elementor-share-buttons--shape-circle elementor-share-buttons--skin-gradient elementor-grid-0 elementor-share-buttons--color-official elementor-widget elementor-widget-share-buttons\" data-id=\"514ea8bc\" data-element_type=\"widget\" data-e-type=\"widget\" data-widget_type=\"share-buttons.default\">\n\t\t\t\t<div class=\"elementor-widget-container\">\n\t\t\t\t\t\t\t<div class=\"elementor-grid\" role=\"list\">\n\t\t\t\t\t\t\t\t<div class=\"elementor-grid-item\" role=\"listitem\">\n\t\t\t\t\t\t<div class=\"elementor-share-btn elementor-share-btn_facebook\" role=\"button\" tabindex=\"0\" aria-label=\"Share on facebook\">\n\t\t\t\t\t\t\t\t\t\t\t\t\t\t\t<span class=\"elementor-share-btn__icon\">\n\t\t\t\t\t\t\t\t<i class=\"fab fa-facebook\" aria-hidden=\"true\"><\/i>\t\t\t\t\t\t\t<\/span>\n\t\t\t\t\t\t\t\t\t\t\t\t\t\t\t\t\t\t\t\t<\/div>\n\t\t\t\t\t<\/div>\n\t\t\t\t\t\t\t\t\t<div class=\"elementor-grid-item\" role=\"listitem\">\n\t\t\t\t\t\t<div class=\"elementor-share-btn elementor-share-btn_twitter\" role=\"button\" tabindex=\"0\" aria-label=\"Share on twitter\">\n\t\t\t\t\t\t\t\t\t\t\t\t\t\t\t<span class=\"elementor-share-btn__icon\">\n\t\t\t\t\t\t\t\t<i class=\"fab fa-twitter\" aria-hidden=\"true\"><\/i>\t\t\t\t\t\t\t<\/span>\n\t\t\t\t\t\t\t\t\t\t\t\t\t\t\t\t\t\t\t\t<\/div>\n\t\t\t\t\t<\/div>\n\t\t\t\t\t\t\t\t\t<div class=\"elementor-grid-item\" role=\"listitem\">\n\t\t\t\t\t\t<div class=\"elementor-share-btn elementor-share-btn_telegram\" role=\"button\" tabindex=\"0\" aria-label=\"Share on telegram\">\n\t\t\t\t\t\t\t\t\t\t\t\t\t\t\t<span class=\"elementor-share-btn__icon\">\n\t\t\t\t\t\t\t\t<i class=\"fab fa-telegram\" aria-hidden=\"true\"><\/i>\t\t\t\t\t\t\t<\/span>\n\t\t\t\t\t\t\t\t\t\t\t\t\t\t\t\t\t\t\t\t<\/div>\n\t\t\t\t\t<\/div>\n\t\t\t\t\t\t\t\t\t<div class=\"elementor-grid-item\" role=\"listitem\">\n\t\t\t\t\t\t<div class=\"elementor-share-btn elementor-share-btn_whatsapp\" role=\"button\" tabindex=\"0\" aria-label=\"Share on whatsapp\">\n\t\t\t\t\t\t\t\t\t\t\t\t\t\t\t<span class=\"elementor-share-btn__icon\">\n\t\t\t\t\t\t\t\t<i class=\"fab fa-whatsapp\" aria-hidden=\"true\"><\/i>\t\t\t\t\t\t\t<\/span>\n\t\t\t\t\t\t\t\t\t\t\t\t\t\t\t\t\t\t\t\t<\/div>\n\t\t\t\t\t<\/div>\n\t\t\t\t\t\t\t\t\t<div class=\"elementor-grid-item\" role=\"listitem\">\n\t\t\t\t\t\t<div class=\"elementor-share-btn elementor-share-btn_email\" role=\"button\" tabindex=\"0\" aria-label=\"Share on email\">\n\t\t\t\t\t\t\t\t\t\t\t\t\t\t\t<span class=\"elementor-share-btn__icon\">\n\t\t\t\t\t\t\t\t<i class=\"fas fa-envelope\" aria-hidden=\"true\"><\/i>\t\t\t\t\t\t\t<\/span>\n\t\t\t\t\t\t\t\t\t\t\t\t\t\t\t\t\t\t\t\t<\/div>\n\t\t\t\t\t<\/div>\n\t\t\t\t\t\t<\/div>\n\t\t\t\t\t\t<\/div>\n\t\t\t\t<\/div>\n\t\t\t\t\t<\/div>\n\t\t<\/div>\n\t\t\t\t\t<\/div>\n\t\t<\/section>\n\t\t\t\t<\/div>\n\t\t","protected":false},"excerpt":{"rendered":"<p>El peregrinar de un sacerdote D. Pablo Pich-Aguilera Blasco, Pbro. La experiencia de peregrinar es siempre algo mucho m\u00e1s que dar un paso tras otro por los caminos que conducen a una meta terrenal. Es un camino interior que se acompasa a los dolores, avatares, inclemencias, alegr\u00edas, luces y sombras de un camino exterior. El [&hellip;]<\/p>\n","protected":false},"author":3,"featured_media":10638,"comment_status":"closed","ping_status":"open","sticky":false,"template":"","format":"standard","meta":{"site-sidebar-layout":"default","site-content-layout":"","ast-site-content-layout":"default","site-content-style":"default","site-sidebar-style":"default","ast-global-header-display":"","ast-banner-title-visibility":"","ast-main-header-display":"","ast-hfb-above-header-display":"","ast-hfb-below-header-display":"","ast-hfb-mobile-header-display":"","site-post-title":"","ast-breadcrumbs-content":"","ast-featured-img":"","footer-sml-layout":"","ast-disable-related-posts":"","theme-transparent-header-meta":"","adv-header-id-meta":"","stick-header-meta":"","header-above-stick-meta":"","header-main-stick-meta":"","header-below-stick-meta":"","astra-migrate-meta-layouts":"default","ast-page-background-enabled":"default","ast-page-background-meta":{"desktop":{"background-color":"","background-image":"","background-repeat":"repeat","background-position":"center center","background-size":"auto","background-attachment":"scroll","background-type":"","background-media":"","overlay-type":"","overlay-color":"","overlay-opacity":"","overlay-gradient":""},"tablet":{"background-color":"","background-image":"","background-repeat":"repeat","background-position":"center center","background-size":"auto","background-attachment":"scroll","background-type":"","background-media":"","overlay-type":"","overlay-color":"","overlay-opacity":"","overlay-gradient":""},"mobile":{"background-color":"","background-image":"","background-repeat":"repeat","background-position":"center center","background-size":"auto","background-attachment":"scroll","background-type":"","background-media":"","overlay-type":"","overlay-color":"","overlay-opacity":"","overlay-gradient":""}},"ast-content-background-meta":{"desktop":{"background-color":"var(--ast-global-color-5)","background-image":"","background-repeat":"repeat","background-position":"center center","background-size":"auto","background-attachment":"scroll","background-type":"","background-media":"","overlay-type":"","overlay-color":"","overlay-opacity":"","overlay-gradient":""},"tablet":{"background-color":"var(--ast-global-color-5)","background-image":"","background-repeat":"repeat","background-position":"center center","background-size":"auto","background-attachment":"scroll","background-type":"","background-media":"","overlay-type":"","overlay-color":"","overlay-opacity":"","overlay-gradient":""},"mobile":{"background-color":"var(--ast-global-color-5)","background-image":"","background-repeat":"repeat","background-position":"center center","background-size":"auto","background-attachment":"scroll","background-type":"","background-media":"","overlay-type":"","overlay-color":"","overlay-opacity":"","overlay-gradient":""}},"footnotes":""},"categories":[55],"tags":[],"class_list":["post-11774","post","type-post","status-publish","format-standard","has-post-thumbnail","hentry","category-boletin"],"_links":{"self":[{"href":"https:\/\/nscristiandad.es\/pt\/wp-json\/wp\/v2\/posts\/11774","targetHints":{"allow":["GET"]}}],"collection":[{"href":"https:\/\/nscristiandad.es\/pt\/wp-json\/wp\/v2\/posts"}],"about":[{"href":"https:\/\/nscristiandad.es\/pt\/wp-json\/wp\/v2\/types\/post"}],"author":[{"embeddable":true,"href":"https:\/\/nscristiandad.es\/pt\/wp-json\/wp\/v2\/users\/3"}],"replies":[{"embeddable":true,"href":"https:\/\/nscristiandad.es\/pt\/wp-json\/wp\/v2\/comments?post=11774"}],"version-history":[{"count":0,"href":"https:\/\/nscristiandad.es\/pt\/wp-json\/wp\/v2\/posts\/11774\/revisions"}],"wp:featuredmedia":[{"embeddable":true,"href":"https:\/\/nscristiandad.es\/pt\/wp-json\/wp\/v2\/media\/10638"}],"wp:attachment":[{"href":"https:\/\/nscristiandad.es\/pt\/wp-json\/wp\/v2\/media?parent=11774"}],"wp:term":[{"taxonomy":"category","embeddable":true,"href":"https:\/\/nscristiandad.es\/pt\/wp-json\/wp\/v2\/categories?post=11774"},{"taxonomy":"post_tag","embeddable":true,"href":"https:\/\/nscristiandad.es\/pt\/wp-json\/wp\/v2\/tags?post=11774"}],"curies":[{"name":"wp","href":"https:\/\/api.w.org\/{rel}","templated":true}]}}