{"id":5041,"date":"2021-07-15T18:29:02","date_gmt":"2021-07-15T16:29:02","guid":{"rendered":"https:\/\/nscristiandad.es\/?p=5041"},"modified":"2025-07-12T17:11:08","modified_gmt":"2025-07-12T15:11:08","slug":"novena-inmaculada","status":"publish","type":"post","link":"https:\/\/nscristiandad.es\/pt\/novena-inmaculada\/","title":{"rendered":"Preparaci\u00f3n para la consagraci\u00f3n a la Sant\u00edsima Virgen"},"content":{"rendered":"\t\t<div data-elementor-type=\"wp-post\" data-elementor-id=\"5041\" class=\"elementor elementor-5041\" data-elementor-post-type=\"post\">\n\t\t\t\t\t\t<section class=\"elementor-section elementor-top-section elementor-element elementor-element-8f946d5 elementor-section-full_width elementor-section-content-middle elementor-section-stretched elementor-section-height-min-height elementor-section-items-bottom elementor-section-height-default elementor-invisible\" data-id=\"8f946d5\" data-element_type=\"section\" data-e-type=\"section\" data-settings=\"{&quot;background_background&quot;:&quot;classic&quot;,&quot;stretch_section&quot;:&quot;section-stretched&quot;,&quot;animation&quot;:&quot;fadeInDown&quot;}\">\n\t\t\t\t\t\t<div class=\"elementor-container elementor-column-gap-default\">\n\t\t\t\t\t<div class=\"elementor-column elementor-col-100 elementor-top-column elementor-element elementor-element-3951ee7\" data-id=\"3951ee7\" data-element_type=\"column\" data-e-type=\"column\">\n\t\t\t<div class=\"elementor-widget-wrap elementor-element-populated\">\n\t\t\t\t\t\t<div class=\"elementor-element elementor-element-5d50d16 elementor-invisible elementor-widget elementor-widget-heading\" data-id=\"5d50d16\" data-element_type=\"widget\" data-e-type=\"widget\" data-settings=\"{&quot;_animation&quot;:&quot;slideInDown&quot;}\" data-widget_type=\"heading.default\">\n\t\t\t\t<div class=\"elementor-widget-container\">\n\t\t\t\t\t<h1 class=\"elementor-heading-title elementor-size-large\">Novena a la Inmaculada Concepci\u00f3n, Patrona de Espa\u00f1a<\/h1>\t\t\t\t<\/div>\n\t\t\t\t<\/div>\n\t\t\t\t<div class=\"elementor-element elementor-element-61cd49d elementor-invisible elementor-widget elementor-widget-heading\" data-id=\"61cd49d\" data-element_type=\"widget\" data-e-type=\"widget\" data-settings=\"{&quot;_animation&quot;:&quot;slideInDown&quot;}\" data-widget_type=\"heading.default\">\n\t\t\t\t<div class=\"elementor-widget-container\">\n\t\t\t\t\t<h3 class=\"elementor-heading-title elementor-size-medium\">Preparaci\u00f3n para la consagraci\u00f3n a la Sant\u00edsima Virgen<\/h3>\t\t\t\t<\/div>\n\t\t\t\t<\/div>\n\t\t\t\t\t<\/div>\n\t\t<\/div>\n\t\t\t\t\t<\/div>\n\t\t<\/section>\n\t\t\t\t<section class=\"elementor-section elementor-top-section elementor-element elementor-element-74d86aa4 elementor-section-boxed elementor-section-height-default elementor-section-height-default\" data-id=\"74d86aa4\" data-element_type=\"section\" data-e-type=\"section\">\n\t\t\t\t\t\t<div class=\"elementor-container elementor-column-gap-default\">\n\t\t\t\t\t<div class=\"elementor-column elementor-col-100 elementor-top-column elementor-element elementor-element-549e525d\" data-id=\"549e525d\" data-element_type=\"column\" data-e-type=\"column\">\n\t\t\t<div class=\"elementor-widget-wrap elementor-element-populated\">\n\t\t\t\t\t\t<div class=\"elementor-element elementor-element-445b6ec9 elementor-align-right elementor-mobile-align-center elementor-widget elementor-widget-button\" data-id=\"445b6ec9\" data-element_type=\"widget\" data-e-type=\"widget\" data-widget_type=\"button.default\">\n\t\t\t\t<div class=\"elementor-widget-container\">\n\t\t\t\t\t\t\t\t\t<div class=\"elementor-button-wrapper\">\n\t\t\t\t\t<a class=\"elementor-button elementor-button-link elementor-size-sm\" href=\"https:\/\/nscristiandad.es\/wp-content\/uploads\/2025\/07\/Novena-a-la-Inmaculada-Concepcion-Patrona-de-Espana-1.pdf\" target=\"_blank\">\n\t\t\t\t\t\t<span class=\"elementor-button-content-wrapper\">\n\t\t\t\t\t\t\t\t\t<span class=\"elementor-button-text\">PDF<\/span>\n\t\t\t\t\t<\/span>\n\t\t\t\t\t<\/a>\n\t\t\t\t<\/div>\n\t\t\t\t\t\t\t\t<\/div>\n\t\t\t\t<\/div>\n\t\t\t\t<div class=\"elementor-element elementor-element-ffcce3a elementor-align-right elementor-mobile-align-center elementor-widget elementor-widget-button\" data-id=\"ffcce3a\" data-element_type=\"widget\" data-e-type=\"widget\" data-widget_type=\"button.default\">\n\t\t\t\t<div class=\"elementor-widget-container\">\n\t\t\t\t\t\t\t\t\t<div class=\"elementor-button-wrapper\">\n\t\t\t\t\t<a class=\"elementor-button elementor-button-link elementor-size-sm\" href=\"https:\/\/nscristiandad.es\/wp-content\/uploads\/2023\/07\/Novena-a-la-Inmaculada-Concepcion-Patrona-de-Espana.pdf\" target=\"_blank\">\n\t\t\t\t\t\t<span class=\"elementor-button-content-wrapper\">\n\t\t\t\t\t\t\t\t\t<span class=\"elementor-button-text\">Novena en Youtube<\/span>\n\t\t\t\t\t<\/span>\n\t\t\t\t\t<\/a>\n\t\t\t\t<\/div>\n\t\t\t\t\t\t\t\t<\/div>\n\t\t\t\t<\/div>\n\t\t\t\t<div class=\"elementor-element elementor-element-03bd6b5 elementor-widget elementor-widget-text-editor\" data-id=\"03bd6b5\" data-element_type=\"widget\" data-e-type=\"widget\" data-widget_type=\"text-editor.default\">\n\t\t\t\t<div class=\"elementor-widget-container\">\n\t\t\t\t\t\t\t\t\t<p>Por la se\u00f1al&#8230;<\/p><p><span style=\"color: #ff0000;\"><i>Acto de contrici\u00f3n:<\/i><\/span> Se\u00f1or m\u00edo Jesucristo&#8230;<br \/><span style=\"color: #ff0000;\"><i>Santo Rosario<br \/>Letan\u00edas Lauretanas<\/i><\/span><\/p><p style=\"text-align: center;\"><strong>Oraci\u00f3n inicial para todos los d\u00edas<\/strong><\/p><p style=\"text-align: left;\">Dios te salve, Mar\u00eda, llena de gracia y bendita m\u00e1s que todas las mujeres, Virgen singular,\u00a0Virgen soberana y perfecta, elegida por Madre de Dios y preservada por ello de toda culpa\u00a0desde el primer instante de tu Concepci\u00f3n: as\u00ed como por Eva nos vino la muerte, as\u00ed nos\u00a0viene la vida por ti, que por la gracia de Dios has sido elegida para ser Madre del nuevo<br \/>pueblo que Jesucristo ha formado con su sangre.<\/p>\t\t\t\t\t\t\t\t<\/div>\n\t\t\t\t<\/div>\n\t\t\t\t<section class=\"elementor-section elementor-inner-section elementor-element elementor-element-9437a4d elementor-section-boxed elementor-section-height-default elementor-section-height-default\" data-id=\"9437a4d\" data-element_type=\"section\" data-e-type=\"section\">\n\t\t\t\t\t\t<div class=\"elementor-container elementor-column-gap-default\">\n\t\t\t\t\t<div class=\"elementor-column elementor-col-50 elementor-inner-column elementor-element elementor-element-acbc48f\" data-id=\"acbc48f\" data-element_type=\"column\" data-e-type=\"column\">\n\t\t\t<div class=\"elementor-widget-wrap elementor-element-populated\">\n\t\t\t\t\t\t<div class=\"elementor-element elementor-element-071bcac elementor-widget elementor-widget-image\" data-id=\"071bcac\" data-element_type=\"widget\" data-e-type=\"widget\" data-widget_type=\"image.default\">\n\t\t\t\t<div class=\"elementor-widget-container\">\n\t\t\t\t\t\t\t\t\t\t\t\t\t\t\t<img fetchpriority=\"high\" decoding=\"async\" width=\"1024\" height=\"836\" src=\"https:\/\/nscristiandad.es\/wp-content\/uploads\/2021\/07\/CopiaNovena-a-la-Inmaculada-Concepcion-Patrona-de-Espana-1024x836.jpg\" class=\"attachment-large size-large wp-image-5048\" alt=\"\" srcset=\"https:\/\/nscristiandad.es\/wp-content\/uploads\/2021\/07\/CopiaNovena-a-la-Inmaculada-Concepcion-Patrona-de-Espana-1024x836.jpg 1024w, https:\/\/nscristiandad.es\/wp-content\/uploads\/2021\/07\/CopiaNovena-a-la-Inmaculada-Concepcion-Patrona-de-Espana-600x490.jpg 600w, https:\/\/nscristiandad.es\/wp-content\/uploads\/2021\/07\/CopiaNovena-a-la-Inmaculada-Concepcion-Patrona-de-Espana-300x245.jpg 300w, https:\/\/nscristiandad.es\/wp-content\/uploads\/2021\/07\/CopiaNovena-a-la-Inmaculada-Concepcion-Patrona-de-Espana-768x627.jpg 768w, https:\/\/nscristiandad.es\/wp-content\/uploads\/2021\/07\/CopiaNovena-a-la-Inmaculada-Concepcion-Patrona-de-Espana.jpg 1340w\" sizes=\"(max-width: 1024px) 100vw, 1024px\" \/>\t\t\t\t\t\t\t\t\t\t\t\t\t\t\t<\/div>\n\t\t\t\t<\/div>\n\t\t\t\t\t<\/div>\n\t\t<\/div>\n\t\t\t\t<div class=\"elementor-column elementor-col-50 elementor-inner-column elementor-element elementor-element-ca8eabe\" data-id=\"ca8eabe\" data-element_type=\"column\" data-e-type=\"column\">\n\t\t\t<div class=\"elementor-widget-wrap elementor-element-populated\">\n\t\t\t\t\t\t<div class=\"elementor-element elementor-element-50c68b1f elementor-widget elementor-widget-text-editor\" data-id=\"50c68b1f\" data-element_type=\"widget\" data-e-type=\"widget\" data-widget_type=\"text-editor.default\">\n\t\t\t\t<div class=\"elementor-widget-container\">\n\t\t\t\t\t\t\t\t\t<p>A ti, pur\u00edsima Madre, restauradora del ca\u00eddo linaje de Ad\u00e1n y Eva, venimos confiados y suplicantes en esta novena, para rogarte que nos concedas la gracia de ser verdaderos hijos tuyos y de tu Hijo Jesucristo, libres de toda mancha de pecado.<\/p><p style=\"text-align: left;\">Acordaos, Virgen Sant\u00edsima, que hab\u00e9is sido hecha Madre de Dios, no s\u00f3lo para vuestra\u00a0dignidad y gloria, sino tambi\u00e9n para salvaci\u00f3n nuestra y provecho de todo el g\u00e9nero humano.<br \/>Acordaos que jam\u00e1s se ha o\u00eddo decir que uno solo de cuantos han acudido a vuestra\u00a0protecci\u00f3n e implorado vuestro socorro, haya sido desamparado. No me dej\u00e9is, pues, a m\u00ed\u00a0tampoco, porque si me dej\u00e1is me perder\u00e9; que yo tampoco quiero dejaros a vos, antes bien,\u00a0cada d\u00eda quiero crecer m\u00e1s en vuestra verdadera devoci\u00f3n.<br \/>Y alcanzadme principalmente estas tres gracias: la primera, no cometer jam\u00e1s pecado\u00a0mortal; la segunda, un gran aprecio de la virtud cristiana, y la tercera, una buena muerte.<br \/>Adem\u00e1s, dadme la gracia particular que os pido en esta novena. <span style=\"color: #a30000;\"><em>Hacer aqu\u00ed la petici\u00f3n que se\u00a0desea obtener.<\/em><\/span><\/p>\t\t\t\t\t\t\t\t<\/div>\n\t\t\t\t<\/div>\n\t\t\t\t\t<\/div>\n\t\t<\/div>\n\t\t\t\t\t<\/div>\n\t\t<\/section>\n\t\t\t\t<div class=\"elementor-element elementor-element-439974ca elementor-widget elementor-widget-text-editor\" data-id=\"439974ca\" data-element_type=\"widget\" data-e-type=\"widget\" data-widget_type=\"text-editor.default\">\n\t\t\t\t<div class=\"elementor-widget-container\">\n\t\t\t\t\t\t\t\t\t<p style=\"text-align: center;\"><span style=\"color: #0000ff;\"><a href=\"https:\/\/youtu.be\/n84clwzc-6M\" rel=\"nofollow noopener\" target=\"_blank\">D\u00cdA PRIMERO<\/a><\/span><\/p>\n<p>Oh Sant\u00edsimo Hijo de Mar\u00eda Inmaculada y benign\u00edsimo Redentor nuestro: as\u00ed&nbsp; como preservaste a la Sant\u00edsima Virgen Mar\u00eda del pecado original en su Inmaculada Concepci\u00f3n, y a nosotors nos hiciste el gran beneficio de librarnos de \u00e9l por medio de tu santo bautismo, as\u00ed te rogamos humildemente nos concedas la gracia de portarnos siempre como buenos cristianos, regenerados en ti, Padre nuestro Sant\u00edsimo.<\/p>\n<p style=\"text-align: center;\"><span style=\"color: #0000ff;\"><a href=\"https:\/\/youtu.be\/AlwZ2TbQINE\" rel=\"nofollow noopener\" target=\"_blank\">D\u00cdA SEGUNDO<\/a><\/span><\/p>\n<p>Oh Sant\u00edsimo Hijo de Mar\u00eda Inmaculada y benign\u00edsimo Redentor nuestro: as\u00ed como preservaste a la Sant\u00edsima Virgen Mar\u00eda de todo pecado mortal en toda su vida y a nosotros nos das gracia para evitarlo y el sacramento de la confesi\u00f3n para remediarlo, as\u00ed te rogamos humildemente, por intercesi\u00f3n de tu Madre Inmaculada, nos concedas la gracia de no cometer nunca pecado mortal, y si incurrimos en tan terrible desgracia, la de salir de \u00e9l cuanto antes por medio de una buena confesi\u00f3n.<\/p>\n<p style=\"text-align: center;\"><span style=\"color: #0000ff;\"><a href=\"https:\/\/youtu.be\/dkNEm2erhsU\" rel=\"nofollow noopener\" target=\"_blank\">D\u00cdA TERCERO<\/a><\/span><\/p>\n<p>Oh Sant\u00edsimo Hijo de Mar\u00eda Inmaculada y benign\u00edsimo Redentor nuestro: as\u00ed como preservaste a la Sant\u00edsima Virgen Mar\u00eda de todo pecado venial en toda su vida, y a&nbsp;nosotros nos pides que purifiquemos m\u00e1s y m\u00e1s nuestras almas para ser dignos de ti, as\u00ed te&nbsp;rogamos humildemente, por intercesi\u00f3n de tu Madre Inmaculada, nos concedas la&nbsp;gracia de evitar los pecados veniales y la de procurar y obtener cada d\u00eda m\u00e1s pureza y&nbsp;delicadeza de conciencia.<\/p>\n<p style=\"text-align: center;\"><span style=\"color: #0000ff;\"><a href=\"https:\/\/youtu.be\/umqJtEf4DNk\" rel=\"nofollow noopener\" target=\"_blank\">D\u00cdA CUARTO<\/a><\/span><\/p>\n<p>Oh Sant\u00edsimo Hijo de Mar\u00eda Inmaculada y benign\u00edsimo Redentor nuestro: as\u00ed como libraste a la Sant\u00edsima Virgen Mar\u00eda de la inclinaci\u00f3n al pecado y le diste dominio perfecto sobre todas sus pasiones, as\u00ed te rogamos humildemente, por intercesi\u00f3n de Mar\u00eda Inmaculada, nos concedas la gracia de ir domando nuestras pasiones y destruyendo nuestras malas inclinaciones, para que te podamos servir, con verdadera libertad de esp\u00edritu, sin imperfecci\u00f3n ninguna.<\/p>\n<p style=\"text-align: center;\"><span style=\"color: #0000ff;\"><a href=\"https:\/\/youtu.be\/K1Vj6tK3dH0\" rel=\"nofollow noopener\" target=\"_blank\">D\u00cdA QUINTO<\/a><\/span><\/p>\n<p>Oh Sant\u00edsimo Hijo de Mar\u00eda Inmaculada y benign\u00edsimo Redentor nuestro: as\u00ed como, desde&nbsp;el primer instante de su Concepci\u00f3n, diste a la Sant\u00edsima Virgen Mar\u00eda m\u00e1s gracia que a todos los santos y \u00e1ngeles del cielo, as\u00ed te rogamos humildemente, por intercesi\u00f3n de tu Madre Inmaculada, nos inspires un aprecio singular de la divina gracia que t\u00fa nos adquiriste con tu sangre, y nos concedas el aumentarla m\u00e1s y m\u00e1s con nuestras buenas obras y con la recepci\u00f3n de tus Santos Sacramentos, especialmente el de la Sagrada Comuni\u00f3n.<\/p>\n<p style=\"text-align: center;\"><span style=\"color: #0000ff;\"><a href=\"https:\/\/youtu.be\/TUdOpXiITgg\" rel=\"nofollow noopener\" target=\"_blank\">D\u00cdA SEXTO<\/a><\/span><\/p>\n<p>Oh Sant\u00edsimo Hijo de Mar\u00eda Inmaculada y benign\u00edsimo Redentor nuestro: as\u00ed como, desde el&nbsp;primer momento, infundiste en la Sant\u00edsima Virgen Mar\u00eda, con toda plenitud, las virtudes&nbsp;sobrenaturales y los dones del Esp\u00edritu Santo, as\u00ed te suplicamos humildemente, por&nbsp;intercesi\u00f3n de tu Madre Inmaculada, nos concedas a nosotros la abundancia de estos&nbsp;mismos dones y virtudes, para que podamos vencer todas las tentaciones y hagamos&nbsp;muchos actos de virtud dignos de nuestra profesi\u00f3n de cristianos.<\/p>\n<p style=\"text-align: center;\"><span style=\"color: #0000ff;\"><a href=\"https:\/\/youtu.be\/MH7M8V7TTyE\" rel=\"nofollow noopener\" target=\"_blank\">D\u00cdA S\u00c9PTIMO<\/a><\/span><\/p>\n<p>Oh Sant\u00edsimo Hijo de Mar\u00eda Inmaculada y benign\u00edsimo Redentor nuestro: as\u00ed como diste a&nbsp;la Sant\u00edsima Virgen Mar\u00eda, entre las dem\u00e1s virtudes, una pureza y castidad exim\u00eda, por la&nbsp;cual es llamada Virgen de las v\u00edrgenes, as\u00ed te suplicamos, por intercesi\u00f3n de tu Madre&nbsp;Inmaculada, nos concedas la dificil\u00edsima virtud de la castidad, que tantos han conservado&nbsp;mediante la devoci\u00f3n de la Virgen y tu protecci\u00f3n.&nbsp;<\/p>\n<p style=\"text-align: center;\"><span style=\"color: #0000ff;\"><a href=\"https:\/\/youtu.be\/Fi2xwOfCN2k\" rel=\"nofollow noopener\" target=\"_blank\">D\u00cdA OCTAVO&nbsp;<\/a><\/span><\/p>\n<p>Oh Sant\u00edsimo Hijo de Mar\u00eda Inmaculada y benign\u00edsimo Redentor nuestro: as\u00ed como diste a&nbsp;la Sant\u00edsima Virgen Mar\u00eda la gracia de una ardent\u00edsima caridad y amor de Dios sobre&nbsp;todas las cosas, as\u00ed te rogamos humildemente, por intercesi\u00f3n de tu Madre Inmaculada,&nbsp;nos concedas un amor sincero de ti, \u00a1oh Dios Se\u00f1or nuestro!, nuestro verdadero bien,&nbsp;nuestro bienhechor, nuestro padre, y que antes queramos perder todas las cosas que&nbsp;ofenderte con un solo pecado.<\/p>\n<p style=\"text-align: center;\"><span style=\"color: #0000ff;\"><a href=\"https:\/\/youtu.be\/_Gwo8KFOPmk\" rel=\"nofollow noopener\" target=\"_blank\">D\u00cdA NOVENO&nbsp;<\/a><\/span><\/p>\n<p>Oh Sant\u00edsimo Hijo de Mar\u00eda Inmaculada y benign\u00edsimo Redentor nuestro: as\u00ed como has&nbsp;concedido a la Sant\u00edsima Virgen Mar\u00eda la gracia de ir al cielo y de ser en \u00e9l colocada en el primer lugar despu\u00e9s de Ti, te suplicamos humildemente, por intercesi\u00f3n de Mar\u00eda&nbsp;Inmaculada, nos concedas una buena muerte, que recibamos bien los \u00faltimos&nbsp;Sacramentos, que expiremos sin mancha ninguna de pecado en la conciencia y vayamos al&nbsp;cielo, para siempre gozar, en tu compa\u00f1\u00eda y la de nuestra Madre, con todos los que se han&nbsp;salvado por ella.<\/p>\t\t\t\t\t\t\t\t<\/div>\n\t\t\t\t<\/div>\n\t\t\t\t<div class=\"elementor-element elementor-element-5c8bddb4 elementor-widget elementor-widget-text-editor\" data-id=\"5c8bddb4\" data-element_type=\"widget\" data-e-type=\"widget\" data-widget_type=\"text-editor.default\">\n\t\t\t\t<div class=\"elementor-widget-container\">\n\t\t\t\t\t\t\t\t\t<p style=\"text-align: center;\"><strong><span style=\"font-size: 16px; font-style: normal; text-align: center;\">Oraciones finales<\/span><\/strong><\/p><p>Bendita sea tu pureza y eternamente lo sea, pues todo un Dios se recrea en tan graciosa\u00a0belleza. A ti, celestial Princesa, Virgen sagrada Mar\u00eda, te ofrezco en este d\u00eda alma, vida y\u00a0coraz\u00f3n. M\u00edrame con compasi\u00f3n, no me dejes, Madre m\u00eda. <em><span style=\"color: #ff0000;\">Rezar tres Avemar\u00edas.\u00a0<\/span><\/em><\/p><p>Tu Inmaculada Concepci\u00f3n, oh Virgen Madre de Dios, anunci\u00f3 alegr\u00eda al universo mundo.<\/p><p>Oh Dios m\u00edo, que por la Inmaculada Concepci\u00f3n de la Virgen, preparaste digna habitaci\u00f3n a\u00a0tu Hijo: te rogamos que, as\u00ed como por la previsi\u00f3n de la muerte de tu Hijo libraste a ella de\u00a0toda mancha, as\u00ed a nosotros nos concedas por su intercesi\u00f3n llegar a ti limpios de pecado.\u00a0Por el mismo Se\u00f1or nuestro Jesucristo. Am\u00e9n.<\/p><p style=\"text-align: center;\"><span style=\"color: #ff0000; font-size: 16px; font-style: normal; font-weight: 400; text-align: center;\">\u2020<\/span><\/p><p><em>Sagrado Coraz\u00f3n de Jes\u00fas, en Vos conf\u00edo<\/em><br \/><em>Inmaculado Coraz\u00f3n de Mar\u00eda, sed la salvaci\u00f3n del alma m\u00eda<\/em><\/p><p><span style=\"color: #ff0000;\">\u2123.<\/span> Nuestra Se\u00f1ora de Covadonga<br \/><span style=\"color: #ff0000;\">\u2123.<\/span> Nuestra Se\u00f1ora del Pilar, Patrona de la Hispanidad<br \/><span style=\"color: #ff0000;\">\u2123.<\/span> Nuestra Se\u00f1ora de la Cristiandad<br \/><span style=\"color: #ff0000;\">\u2123.<\/span> San Jos\u00e9<br \/><span style=\"color: #ff0000;\">\u2123.<\/span> Santo \u00c1ngel Custodio de Espa\u00f1a<br \/><span style=\"color: #ff0000;\">\u2123.<\/span> Santiago Ap\u00f3stol<br \/><span style=\"color: #ff0000;\">\u2123.<\/span> San Fernando<br \/><span style=\"color: #ff0000;\">\u211f.<\/span> Ruega por nosotros, ruega por Espa\u00f1a<br \/><span style=\"color: #ff0000;\">\u2123.<\/span> Santos y m\u00e1rtires de Espa\u00f1a<br \/><span style=\"color: #ff0000;\">\u211f.<\/span> Rogad por nosotros, rogad por Espa\u00f1a<\/p>\t\t\t\t\t\t\t\t<\/div>\n\t\t\t\t<\/div>\n\t\t\t\t\t<\/div>\n\t\t<\/div>\n\t\t\t\t\t<\/div>\n\t\t<\/section>\n\t\t\t\t<\/div>\n\t\t","protected":false},"excerpt":{"rendered":"<p>Novena a la Inmaculada Concepci\u00f3n, Patrona de Espa\u00f1a Preparaci\u00f3n para la consagraci\u00f3n a la Sant\u00edsima Virgen Novena en PDF Novena en Youtube Por la se\u00f1al&#8230; Acto de contrici\u00f3n: Se\u00f1or m\u00edo Jesucristo&#8230;Santo RosarioLetan\u00edas Lauretanas Oraci\u00f3n inicial para todos los d\u00edas Dios te salve, Mar\u00eda, llena de gracia y bendita m\u00e1s que todas las mujeres, Virgen singular,\u00a0Virgen [&hellip;]<\/p>\n","protected":false},"author":3,"featured_media":5048,"comment_status":"closed","ping_status":"open","sticky":false,"template":"","format":"standard","meta":{"site-sidebar-layout":"default","site-content-layout":"default","ast-site-content-layout":"default","site-content-style":"default","site-sidebar-style":"default","ast-global-header-display":"","ast-banner-title-visibility":"","ast-main-header-display":"","ast-hfb-above-header-display":"","ast-hfb-below-header-display":"","ast-hfb-mobile-header-display":"","site-post-title":"","ast-breadcrumbs-content":"","ast-featured-img":"","footer-sml-layout":"","ast-disable-related-posts":"","theme-transparent-header-meta":"default","adv-header-id-meta":"","stick-header-meta":"","header-above-stick-meta":"","header-main-stick-meta":"","header-below-stick-meta":"","astra-migrate-meta-layouts":"default","ast-page-background-enabled":"default","ast-page-background-meta":{"desktop":{"background-color":"","background-image":"","background-repeat":"repeat","background-position":"center center","background-size":"auto","background-attachment":"scroll","background-type":"","background-media":"","overlay-type":"","overlay-color":"","overlay-opacity":"","overlay-gradient":""},"tablet":{"background-color":"","background-image":"","background-repeat":"repeat","background-position":"center center","background-size":"auto","background-attachment":"scroll","background-type":"","background-media":"","overlay-type":"","overlay-color":"","overlay-opacity":"","overlay-gradient":""},"mobile":{"background-color":"","background-image":"","background-repeat":"repeat","background-position":"center center","background-size":"auto","background-attachment":"scroll","background-type":"","background-media":"","overlay-type":"","overlay-color":"","overlay-opacity":"","overlay-gradient":""}},"ast-content-background-meta":{"desktop":{"background-color":"var(--ast-global-color-5)","background-image":"","background-repeat":"repeat","background-position":"center center","background-size":"auto","background-attachment":"scroll","background-type":"","background-media":"","overlay-type":"","overlay-color":"","overlay-opacity":"","overlay-gradient":""},"tablet":{"background-color":"var(--ast-global-color-5)","background-image":"","background-repeat":"repeat","background-position":"center center","background-size":"auto","background-attachment":"scroll","background-type":"","background-media":"","overlay-type":"","overlay-color":"","overlay-opacity":"","overlay-gradient":""},"mobile":{"background-color":"var(--ast-global-color-5)","background-image":"","background-repeat":"repeat","background-position":"center center","background-size":"auto","background-attachment":"scroll","background-type":"","background-media":"","overlay-type":"","overlay-color":"","overlay-opacity":"","overlay-gradient":""}},"footnotes":""},"categories":[52],"tags":[],"class_list":["post-5041","post","type-post","status-publish","format-standard","has-post-thumbnail","hentry","category-espiritualidad"],"_links":{"self":[{"href":"https:\/\/nscristiandad.es\/pt\/wp-json\/wp\/v2\/posts\/5041","targetHints":{"allow":["GET"]}}],"collection":[{"href":"https:\/\/nscristiandad.es\/pt\/wp-json\/wp\/v2\/posts"}],"about":[{"href":"https:\/\/nscristiandad.es\/pt\/wp-json\/wp\/v2\/types\/post"}],"author":[{"embeddable":true,"href":"https:\/\/nscristiandad.es\/pt\/wp-json\/wp\/v2\/users\/3"}],"replies":[{"embeddable":true,"href":"https:\/\/nscristiandad.es\/pt\/wp-json\/wp\/v2\/comments?post=5041"}],"version-history":[{"count":0,"href":"https:\/\/nscristiandad.es\/pt\/wp-json\/wp\/v2\/posts\/5041\/revisions"}],"wp:featuredmedia":[{"embeddable":true,"href":"https:\/\/nscristiandad.es\/pt\/wp-json\/wp\/v2\/media\/5048"}],"wp:attachment":[{"href":"https:\/\/nscristiandad.es\/pt\/wp-json\/wp\/v2\/media?parent=5041"}],"wp:term":[{"taxonomy":"category","embeddable":true,"href":"https:\/\/nscristiandad.es\/pt\/wp-json\/wp\/v2\/categories?post=5041"},{"taxonomy":"post_tag","embeddable":true,"href":"https:\/\/nscristiandad.es\/pt\/wp-json\/wp\/v2\/tags?post=5041"}],"curies":[{"name":"wp","href":"https:\/\/api.w.org\/{rel}","templated":true}]}}