{"id":6554,"date":"2022-01-13T16:34:01","date_gmt":"2022-01-13T15:34:01","guid":{"rendered":"https:\/\/nscristiandad.es\/?p=6554"},"modified":"2025-09-11T17:53:55","modified_gmt":"2025-09-11T15:53:55","slug":"seminaristas-fssp","status":"publish","type":"post","link":"https:\/\/nscristiandad.es\/pt\/seminaristas-fssp\/","title":{"rendered":"Seminaristas espa\u00f1oles en la FSSP"},"content":{"rendered":"\t\t<div data-elementor-type=\"wp-post\" data-elementor-id=\"6554\" class=\"elementor elementor-6554\" data-elementor-post-type=\"post\">\n\t\t\t\t\t\t<section class=\"elementor-section elementor-top-section elementor-element elementor-element-689f206 elementor-section-full_width elementor-section-content-middle elementor-section-stretched elementor-section-height-default elementor-section-height-default elementor-invisible\" data-id=\"689f206\" data-element_type=\"section\" data-e-type=\"section\" data-settings=\"{&quot;background_background&quot;:&quot;classic&quot;,&quot;stretch_section&quot;:&quot;section-stretched&quot;,&quot;animation&quot;:&quot;fadeInDown&quot;}\">\n\t\t\t\t\t\t<div class=\"elementor-container elementor-column-gap-default\">\n\t\t\t\t\t<div class=\"elementor-column elementor-col-100 elementor-top-column elementor-element elementor-element-63278f1\" data-id=\"63278f1\" data-element_type=\"column\" data-e-type=\"column\">\n\t\t\t<div class=\"elementor-widget-wrap elementor-element-populated\">\n\t\t\t\t\t\t<div class=\"elementor-element elementor-element-340c064 elementor-invisible elementor-widget elementor-widget-heading\" data-id=\"340c064\" data-element_type=\"widget\" data-e-type=\"widget\" data-settings=\"{&quot;_animation&quot;:&quot;slideInDown&quot;}\" data-widget_type=\"heading.default\">\n\t\t\t\t<div class=\"elementor-widget-container\">\n\t\t\t\t\t<h1 class=\"elementor-heading-title elementor-size-large\">Seminaristas espa\u00f1oles en la FSSP<\/h1>\t\t\t\t<\/div>\n\t\t\t\t<\/div>\n\t\t\t\t\t<\/div>\n\t\t<\/div>\n\t\t\t\t\t<\/div>\n\t\t<\/section>\n\t\t\t\t<section class=\"elementor-section elementor-top-section elementor-element elementor-element-ef9ea23 elementor-section-boxed elementor-section-height-default elementor-section-height-default\" data-id=\"ef9ea23\" data-element_type=\"section\" data-e-type=\"section\">\n\t\t\t\t\t\t<div class=\"elementor-container elementor-column-gap-default\">\n\t\t\t\t\t<div class=\"elementor-column elementor-col-16 elementor-top-column elementor-element elementor-element-aabcaac\" data-id=\"aabcaac\" data-element_type=\"column\" data-e-type=\"column\">\n\t\t\t<div class=\"elementor-widget-wrap\">\n\t\t\t\t\t\t\t<\/div>\n\t\t<\/div>\n\t\t\t\t<div class=\"elementor-column elementor-col-66 elementor-top-column elementor-element elementor-element-85be6d8\" data-id=\"85be6d8\" data-element_type=\"column\" data-e-type=\"column\">\n\t\t\t<div class=\"elementor-widget-wrap elementor-element-populated\">\n\t\t\t\t\t\t<div class=\"elementor-element elementor-element-01ef5a4 elementor-widget elementor-widget-text-editor\" data-id=\"01ef5a4\" data-element_type=\"widget\" data-e-type=\"widget\" data-widget_type=\"text-editor.default\">\n\t\t\t\t<div class=\"elementor-widget-container\">\n\t\t\t\t\t\t\t\t\t<p>Espa\u00f1a cuenta con siete seminaristas estudiando actualmente en el seminario internacional &#8220;San Pedro&#8221; de la Fraternidad Sacerdotal de San Pedro en Wigratzbad-Opfenbach, Baviera, Alemania. Desde all\u00ed nos han hecho llegar un bello escrito que reproducimos a continuaci\u00f3n, testimonio de su entrega y de su misi\u00f3n. Desde aqu\u00ed los encomendamos, pidi\u00e9ndole a Dios por ellos, para que se mantengan fieles en su vocaci\u00f3n de ser <i>alter Christus<\/i>.&nbsp;<\/p>\t\t\t\t\t\t\t\t<\/div>\n\t\t\t\t<\/div>\n\t\t\t\t<div class=\"elementor-element elementor-element-9bd70af elementor-widget-divider--view-line_icon elementor-view-default elementor-widget-divider--element-align-center elementor-widget elementor-widget-divider\" data-id=\"9bd70af\" data-element_type=\"widget\" data-e-type=\"widget\" data-widget_type=\"divider.default\">\n\t\t\t\t<div class=\"elementor-widget-container\">\n\t\t\t\t\t\t\t<div class=\"elementor-divider\">\n\t\t\t<span class=\"elementor-divider-separator\">\n\t\t\t\t\t\t\t<div class=\"elementor-icon elementor-divider__element\">\n\t\t\t\t\t<i aria-hidden=\"true\" class=\"fas fa-cross\"><\/i><\/div>\n\t\t\t\t\t\t<\/span>\n\t\t<\/div>\n\t\t\t\t\t\t<\/div>\n\t\t\t\t<\/div>\n\t\t\t\t<div class=\"elementor-element elementor-element-274b2b6 elementor-widget elementor-widget-text-editor\" data-id=\"274b2b6\" data-element_type=\"widget\" data-e-type=\"widget\" data-widget_type=\"text-editor.default\">\n\t\t\t\t<div class=\"elementor-widget-container\">\n\t\t\t\t\t\t\t\t\t<p>\u201cQuien quiera que la oiga nombrar, temblar\u00e1 ante los designios que Yahv\u00e9 de los ej\u00e9rcitos decidi\u00f3 sobre \u00e9l\u201d (Is XIX, 17). No nos pertenecemos. Somos de Dios. Y, enamorados de Cristo, nos sometemos a los designios del Alt\u00edsimo; pues ya decidi\u00f3 \u00c9l por nosotros desde toda la eternidad cu\u00e1l ha de ser nuestro servicio aqu\u00ed en la tierra: amar desde el sacrificio. En primer lugar, celebrando el Sacrificio por excelencia: el Augusto Sacrificio del Altar. De la misma manera que durante la Pasi\u00f3n la divinidad de Cristo qued\u00f3 oculta, en la Santa Misa la operaci\u00f3n del sacerdote, hombre, y por tanto pecador, queda oculta bajo la acci\u00f3n eficiente del \u00fanico y divino Sacerdote: Cristo. En el altar, el sacerdote \u201cdesaparece\u201d: disminuye para que Cristo crezca. Por ello, este pu\u00f1ado de espa\u00f1oles que, dejando toda comodidad, ingresan en la Fraternidad Sacerdotal San Pedro, no tienen m\u00e1s deseos que el de ofrecerse por entero a Dios y servirLe, y adorarLe, y gustarLe como lo han hechos todos los santos: por medio de la Misa. No nos pertenecemos. Y ante las incomprensiones y acusaciones del mundo respondemos: no hemos decidido nosotros entrar aqu\u00ed. Es Dios Quien nos gobierna y Quien nos llama a ser verdaderos custodios de la Tradici\u00f3n. Somos los celosos guardianes de las cosas Santas (<i>Sancta sanctis<\/i>) que nos santifican, y con las cuales nos santificamos. En segundo lugar, estamos llamados a amar a Dios desde el sacrificio ofrecido en el altar de nuestro coraz\u00f3n. Todo cat\u00f3lico est\u00e1 llamado a hacer de su vida una Misa: cu\u00e1nto m\u00e1s los sacerdotes, hombres de Dios por antonomasia. \u201cVos estis templum Dei\u201d, nos recuerda el Ap\u00f3stol de los Gentiles. Somos el templo de Dios, Su cielo. Y, como si de una Misa se tratase, somos nosotros las peque\u00f1as hostias que se posan sobre el corporal cabe el Cordero Divino; hostias que, con sus pensamientos, voluntades, deseos, afectos, trabajos y luchas diarias, se ofrecen en todo instante a Dios Padre; hostias que se consagran m\u00edsticamente, renunci\u00e1ndose a s\u00ed mismas para ser cada una \u201calter Christus\u201d: otro Cristo en la tierra, para continuar Su obra divina; hostias por las que diariamente Dios, presente y vivo, entra en comuni\u00f3n con nuestras pobres almas. Nuestra vocaci\u00f3n, \u00a1amar desde el sacrificio!, es, pues, una vida de Cruz: el centro de la Misa y, por tanto, de nuestras vidas. Y como no hay nada sobre la tierra que glorifique m\u00e1s a Dios que una Misa, queremos hacer de la Misa de la Tradici\u00f3n el centro de nuestras vidas, y hacer de nuestra vida una Misa.<\/p>\n<p style=\"text-align: right;\">F. Javier de la Cruz Mart\u00ednez Campos, <em>FSSP<\/em><\/p>\t\t\t\t\t\t\t\t<\/div>\n\t\t\t\t<\/div>\n\t\t\t\t<div class=\"elementor-element elementor-element-3fb49b8 elementor-widget elementor-widget-image\" data-id=\"3fb49b8\" data-element_type=\"widget\" data-e-type=\"widget\" data-widget_type=\"image.default\">\n\t\t\t\t<div class=\"elementor-widget-container\">\n\t\t\t\t\t\t\t\t\t\t\t\t<figure class=\"wp-caption\">\n\t\t\t\t\t\t\t\t\t\t<img fetchpriority=\"high\" decoding=\"async\" width=\"859\" height=\"1024\" src=\"https:\/\/nscristiandad.es\/wp-content\/uploads\/2022\/01\/photo_2021-12-23_18-32-51-859x1024.jpg\" class=\"attachment-large size-large wp-image-6556\" alt=\"\" srcset=\"https:\/\/nscristiandad.es\/wp-content\/uploads\/2022\/01\/photo_2021-12-23_18-32-51-859x1024.jpg 859w, https:\/\/nscristiandad.es\/wp-content\/uploads\/2022\/01\/photo_2021-12-23_18-32-51-600x715.jpg 600w, https:\/\/nscristiandad.es\/wp-content\/uploads\/2022\/01\/photo_2021-12-23_18-32-51-252x300.jpg 252w, https:\/\/nscristiandad.es\/wp-content\/uploads\/2022\/01\/photo_2021-12-23_18-32-51-768x915.jpg 768w, https:\/\/nscristiandad.es\/wp-content\/uploads\/2022\/01\/photo_2021-12-23_18-32-51.jpg 1074w\" sizes=\"(max-width: 859px) 100vw, 859px\" \/>\t\t\t\t\t\t\t\t\t\t\t<figcaption class=\"widget-image-caption wp-caption-text\">De izquierda a derecha: Levi Rold\u00e1n Clar\u00e0 (Barcelona), Rodrigo L\u00f3pez Soto (Sevilla), Fernando Gil Alonso (Ciudad Real), Javier de la Cruz Mart\u00ednez Campos (C\u00f3rdoba), Francisco de Jes\u00fas Ariza Serrano (Fern\u00e1n N\u00fa\u00f1ez), Ram\u00f3n Garc\u00eda-Atance Santa Mar\u00eda (Zaragoza) y David Mart\u00ednez Abad (Madrid).<\/figcaption>\n\t\t\t\t\t\t\t\t\t\t<\/figure>\n\t\t\t\t\t\t\t\t\t<\/div>\n\t\t\t\t<\/div>\n\t\t\t\t\t<\/div>\n\t\t<\/div>\n\t\t\t\t<div class=\"elementor-column elementor-col-16 elementor-top-column elementor-element elementor-element-38dc642\" data-id=\"38dc642\" data-element_type=\"column\" data-e-type=\"column\">\n\t\t\t<div class=\"elementor-widget-wrap\">\n\t\t\t\t\t\t\t<\/div>\n\t\t<\/div>\n\t\t\t\t\t<\/div>\n\t\t<\/section>\n\t\t\t\t<section class=\"elementor-section elementor-top-section elementor-element elementor-element-42a1f68b elementor-section-boxed elementor-section-height-default elementor-section-height-default\" data-id=\"42a1f68b\" data-element_type=\"section\" data-e-type=\"section\">\n\t\t\t\t\t\t<div class=\"elementor-container elementor-column-gap-default\">\n\t\t\t\t\t<div class=\"elementor-column elementor-col-100 elementor-top-column elementor-element elementor-element-1703f036\" data-id=\"1703f036\" data-element_type=\"column\" data-e-type=\"column\">\n\t\t\t<div class=\"elementor-widget-wrap elementor-element-populated\">\n\t\t\t\t\t\t<div class=\"elementor-element elementor-element-3ce97326 elementor-share-buttons--view-icon elementor-share-buttons--shape-circle elementor-share-buttons--skin-gradient elementor-grid-0 elementor-share-buttons--color-official elementor-widget elementor-widget-share-buttons\" data-id=\"3ce97326\" data-element_type=\"widget\" data-e-type=\"widget\" data-widget_type=\"share-buttons.default\">\n\t\t\t\t<div class=\"elementor-widget-container\">\n\t\t\t\t\t\t\t<div class=\"elementor-grid\" role=\"list\">\n\t\t\t\t\t\t\t\t<div class=\"elementor-grid-item\" role=\"listitem\">\n\t\t\t\t\t\t<div class=\"elementor-share-btn elementor-share-btn_facebook\" role=\"button\" tabindex=\"0\" aria-label=\"Share on facebook\">\n\t\t\t\t\t\t\t\t\t\t\t\t\t\t\t<span class=\"elementor-share-btn__icon\">\n\t\t\t\t\t\t\t\t<i class=\"fab fa-facebook\" aria-hidden=\"true\"><\/i>\t\t\t\t\t\t\t<\/span>\n\t\t\t\t\t\t\t\t\t\t\t\t\t\t\t\t\t\t\t\t<\/div>\n\t\t\t\t\t<\/div>\n\t\t\t\t\t\t\t\t\t<div class=\"elementor-grid-item\" role=\"listitem\">\n\t\t\t\t\t\t<div class=\"elementor-share-btn elementor-share-btn_twitter\" role=\"button\" tabindex=\"0\" aria-label=\"Share on twitter\">\n\t\t\t\t\t\t\t\t\t\t\t\t\t\t\t<span class=\"elementor-share-btn__icon\">\n\t\t\t\t\t\t\t\t<i class=\"fab fa-twitter\" aria-hidden=\"true\"><\/i>\t\t\t\t\t\t\t<\/span>\n\t\t\t\t\t\t\t\t\t\t\t\t\t\t\t\t\t\t\t\t<\/div>\n\t\t\t\t\t<\/div>\n\t\t\t\t\t\t\t\t\t<div class=\"elementor-grid-item\" role=\"listitem\">\n\t\t\t\t\t\t<div class=\"elementor-share-btn elementor-share-btn_telegram\" role=\"button\" tabindex=\"0\" aria-label=\"Share on telegram\">\n\t\t\t\t\t\t\t\t\t\t\t\t\t\t\t<span class=\"elementor-share-btn__icon\">\n\t\t\t\t\t\t\t\t<i class=\"fab fa-telegram\" aria-hidden=\"true\"><\/i>\t\t\t\t\t\t\t<\/span>\n\t\t\t\t\t\t\t\t\t\t\t\t\t\t\t\t\t\t\t\t<\/div>\n\t\t\t\t\t<\/div>\n\t\t\t\t\t\t\t\t\t<div class=\"elementor-grid-item\" role=\"listitem\">\n\t\t\t\t\t\t<div class=\"elementor-share-btn elementor-share-btn_whatsapp\" role=\"button\" tabindex=\"0\" aria-label=\"Share on whatsapp\">\n\t\t\t\t\t\t\t\t\t\t\t\t\t\t\t<span class=\"elementor-share-btn__icon\">\n\t\t\t\t\t\t\t\t<i class=\"fab fa-whatsapp\" aria-hidden=\"true\"><\/i>\t\t\t\t\t\t\t<\/span>\n\t\t\t\t\t\t\t\t\t\t\t\t\t\t\t\t\t\t\t\t<\/div>\n\t\t\t\t\t<\/div>\n\t\t\t\t\t\t\t\t\t<div class=\"elementor-grid-item\" role=\"listitem\">\n\t\t\t\t\t\t<div class=\"elementor-share-btn elementor-share-btn_email\" role=\"button\" tabindex=\"0\" aria-label=\"Share on email\">\n\t\t\t\t\t\t\t\t\t\t\t\t\t\t\t<span class=\"elementor-share-btn__icon\">\n\t\t\t\t\t\t\t\t<i class=\"fas fa-envelope\" aria-hidden=\"true\"><\/i>\t\t\t\t\t\t\t<\/span>\n\t\t\t\t\t\t\t\t\t\t\t\t\t\t\t\t\t\t\t\t<\/div>\n\t\t\t\t\t<\/div>\n\t\t\t\t\t\t<\/div>\n\t\t\t\t\t\t<\/div>\n\t\t\t\t<\/div>\n\t\t\t\t\t<\/div>\n\t\t<\/div>\n\t\t\t\t\t<\/div>\n\t\t<\/section>\n\t\t\t\t<\/div>\n\t\t","protected":false},"excerpt":{"rendered":"<p>Seminaristas espa\u00f1oles en la FSSP Espa\u00f1a cuenta con siete seminaristas estudiando actualmente en el seminario internacional &#8220;San Pedro&#8221; de la Fraternidad Sacerdotal de San Pedro en Wigratzbad-Opfenbach, Baviera, Alemania. Desde all\u00ed nos han hecho llegar un bello escrito que reproducimos a continuaci\u00f3n, testimonio de su entrega y de su misi\u00f3n. Desde aqu\u00ed los encomendamos, pidi\u00e9ndole [&hellip;]<\/p>\n","protected":false},"author":3,"featured_media":6556,"comment_status":"closed","ping_status":"open","sticky":false,"template":"","format":"standard","meta":{"site-sidebar-layout":"default","site-content-layout":"","ast-site-content-layout":"default","site-content-style":"default","site-sidebar-style":"default","ast-global-header-display":"","ast-banner-title-visibility":"","ast-main-header-display":"","ast-hfb-above-header-display":"","ast-hfb-below-header-display":"","ast-hfb-mobile-header-display":"","site-post-title":"disabled","ast-breadcrumbs-content":"","ast-featured-img":"","footer-sml-layout":"","ast-disable-related-posts":"","theme-transparent-header-meta":"","adv-header-id-meta":"","stick-header-meta":"","header-above-stick-meta":"","header-main-stick-meta":"","header-below-stick-meta":"","astra-migrate-meta-layouts":"default","ast-page-background-enabled":"default","ast-page-background-meta":{"desktop":{"background-color":"","background-image":"","background-repeat":"repeat","background-position":"center center","background-size":"auto","background-attachment":"scroll","background-type":"","background-media":"","overlay-type":"","overlay-color":"","overlay-opacity":"","overlay-gradient":""},"tablet":{"background-color":"","background-image":"","background-repeat":"repeat","background-position":"center center","background-size":"auto","background-attachment":"scroll","background-type":"","background-media":"","overlay-type":"","overlay-color":"","overlay-opacity":"","overlay-gradient":""},"mobile":{"background-color":"","background-image":"","background-repeat":"repeat","background-position":"center center","background-size":"auto","background-attachment":"scroll","background-type":"","background-media":"","overlay-type":"","overlay-color":"","overlay-opacity":"","overlay-gradient":""}},"ast-content-background-meta":{"desktop":{"background-color":"var(--ast-global-color-5)","background-image":"","background-repeat":"repeat","background-position":"center center","background-size":"auto","background-attachment":"scroll","background-type":"","background-media":"","overlay-type":"","overlay-color":"","overlay-opacity":"","overlay-gradient":""},"tablet":{"background-color":"var(--ast-global-color-5)","background-image":"","background-repeat":"repeat","background-position":"center center","background-size":"auto","background-attachment":"scroll","background-type":"","background-media":"","overlay-type":"","overlay-color":"","overlay-opacity":"","overlay-gradient":""},"mobile":{"background-color":"var(--ast-global-color-5)","background-image":"","background-repeat":"repeat","background-position":"center center","background-size":"auto","background-attachment":"scroll","background-type":"","background-media":"","overlay-type":"","overlay-color":"","overlay-opacity":"","overlay-gradient":""}},"footnotes":""},"categories":[52],"tags":[],"class_list":["post-6554","post","type-post","status-publish","format-standard","has-post-thumbnail","hentry","category-espiritualidad"],"_links":{"self":[{"href":"https:\/\/nscristiandad.es\/pt\/wp-json\/wp\/v2\/posts\/6554","targetHints":{"allow":["GET"]}}],"collection":[{"href":"https:\/\/nscristiandad.es\/pt\/wp-json\/wp\/v2\/posts"}],"about":[{"href":"https:\/\/nscristiandad.es\/pt\/wp-json\/wp\/v2\/types\/post"}],"author":[{"embeddable":true,"href":"https:\/\/nscristiandad.es\/pt\/wp-json\/wp\/v2\/users\/3"}],"replies":[{"embeddable":true,"href":"https:\/\/nscristiandad.es\/pt\/wp-json\/wp\/v2\/comments?post=6554"}],"version-history":[{"count":0,"href":"https:\/\/nscristiandad.es\/pt\/wp-json\/wp\/v2\/posts\/6554\/revisions"}],"wp:featuredmedia":[{"embeddable":true,"href":"https:\/\/nscristiandad.es\/pt\/wp-json\/wp\/v2\/media\/6556"}],"wp:attachment":[{"href":"https:\/\/nscristiandad.es\/pt\/wp-json\/wp\/v2\/media?parent=6554"}],"wp:term":[{"taxonomy":"category","embeddable":true,"href":"https:\/\/nscristiandad.es\/pt\/wp-json\/wp\/v2\/categories?post=6554"},{"taxonomy":"post_tag","embeddable":true,"href":"https:\/\/nscristiandad.es\/pt\/wp-json\/wp\/v2\/tags?post=6554"}],"curies":[{"name":"wp","href":"https:\/\/api.w.org\/{rel}","templated":true}]}}